{"id":2835,"date":"2024-04-03T11:08:29","date_gmt":"2024-04-03T14:08:29","guid":{"rendered":"https:\/\/jupi.pe.leg.br\/v3\/?p=2835"},"modified":"2024-04-03T11:08:29","modified_gmt":"2024-04-03T14:08:29","slug":"direcoes-claras-para-o-progresso","status":"publish","type":"post","link":"https:\/\/jupi.pe.leg.br\/v3\/direcoes-claras-para-o-progresso\/","title":{"rendered":"Dire\u00e7\u00f5es claras para o progresso!"},"content":{"rendered":"<p>O requerimento do vereador Ant\u00f4nio Liberato Sobrinho \u00e9 um marco para nossa comunidade, pois busca facilitar o acesso e a seguran\u00e7a no Povoado Santa Rita. Com a solicita\u00e7\u00e3o de placas indicativas &#x1f6a7;, estamos construindo literalmente caminhos mais claros para todos os moradores e visitantes.<\/p>\n<p>&#x1f44f;&#x1f3fc; Parab\u00e9ns ao vereador pela iniciativa!<\/p>\n<p>&#x1f499;&#x1f90d;&#x1f49a;Sua vis\u00e3o e comprometimento com o bem-estar de nossa cidade s\u00e3o inspiradores. Com a\u00e7\u00f5es como essa, estamos fortalecendo n\u00e3o apenas as estruturas f\u00edsicas, mas tamb\u00e9m os la\u00e7os que nos unem como comunidade.<\/p>\n<p>&#x1f91d;&#x1f3fb;Juntos, seguimos rumo a um futuro mais acess\u00edvel e unido!<\/p>\n<p>&#x27a1;&#xfe0f;Com dire\u00e7\u00f5es claras e vontade de fazer a diferen\u00e7a, estamos construindo um ambiente mais seguro e acolhedor para todos.<\/p>\n<p>&#x1f31f; Lideran\u00e7a e a\u00e7\u00e3o para um Povoado Santa Rita mais pr\u00f3spero! &#x1f31f;<\/p>\n<p>&nbsp;<\/p>\n<p><img loading=\"lazy\" decoding=\"async\" width=\"688\" height=\"836\" class=\"img-fluid aligncenter size-full wp-image-2836\" src=\"https:\/\/jupi.pe.leg.br\/v3\/wp-content\/uploads\/2024\/04\/Captura-de-tela-2024-04-03-110434.png\" alt=\"\" data-wp-pid=\"2836\" srcset=\"https:\/\/jupi.pe.leg.br\/v3\/wp-content\/uploads\/2024\/04\/Captura-de-tela-2024-04-03-110434.png 688w, https:\/\/jupi.pe.leg.br\/v3\/wp-content\/uploads\/2024\/04\/Captura-de-tela-2024-04-03-110434-247x300.png 247w\" sizes=\"auto, (max-width: 688px) 100vw, 688px\" \/> <img loading=\"lazy\" decoding=\"async\" class=\"img-fluid aligncenter  wp-image-2837\" src=\"https:\/\/jupi.pe.leg.br\/v3\/wp-content\/uploads\/2024\/04\/Captura-de-tela-2024-04-03-110601.png\" alt=\"\" width=\"688\" height=\"839\" data-wp-pid=\"2837\" srcset=\"https:\/\/jupi.pe.leg.br\/v3\/wp-content\/uploads\/2024\/04\/Captura-de-tela-2024-04-03-110601.png 700w, https:\/\/jupi.pe.leg.br\/v3\/wp-content\/uploads\/2024\/04\/Captura-de-tela-2024-04-03-110601-246x300.png 246w\" sizes=\"auto, (max-width: 688px) 100vw, 688px\" \/><\/p>\n","protected":false},"excerpt":{"rendered":"<p>O requerimento do vereador Ant\u00f4nio Liberato Sobrinho \u00e9 um marco para nossa comunidade, pois busca facilitar o acesso e a seguran\u00e7a no Povoado Santa Rita. Com a solicita\u00e7\u00e3o de placas indicativas &#x1f6a7;, estamos construindo literalmente caminhos mais claros para todos <a class=\"leiamais\" href=\"https:\/\/jupi.pe.leg.br\/v3\/direcoes-claras-para-o-progresso\/\">VER MAIS <i class=\"fa-solid fa-chevron-right\"><\/i><\/a><\/p>\n","protected":false},"author":2,"featured_media":2836,"comment_status":"open","ping_status":"open","sticky":false,"template":"","format":"standard","meta":{"_acf_changed":false,"footnotes":""},"categories":[4],"tags":[],"class_list":["post-2835","post","type-post","status-publish","format-standard","has-post-thumbnail","hentry","category-noticias","active"],"acf":[],"_links":{"self":[{"href":"https:\/\/jupi.pe.leg.br\/v3\/wp-json\/wp\/v2\/posts\/2835","targetHints":{"allow":["GET"]}}],"collection":[{"href":"https:\/\/jupi.pe.leg.br\/v3\/wp-json\/wp\/v2\/posts"}],"about":[{"href":"https:\/\/jupi.pe.leg.br\/v3\/wp-json\/wp\/v2\/types\/post"}],"author":[{"embeddable":true,"href":"https:\/\/jupi.pe.leg.br\/v3\/wp-json\/wp\/v2\/users\/2"}],"replies":[{"embeddable":true,"href":"https:\/\/jupi.pe.leg.br\/v3\/wp-json\/wp\/v2\/comments?post=2835"}],"version-history":[{"count":0,"href":"https:\/\/jupi.pe.leg.br\/v3\/wp-json\/wp\/v2\/posts\/2835\/revisions"}],"wp:featuredmedia":[{"embeddable":true,"href":"https:\/\/jupi.pe.leg.br\/v3\/wp-json\/wp\/v2\/media\/2836"}],"wp:attachment":[{"href":"https:\/\/jupi.pe.leg.br\/v3\/wp-json\/wp\/v2\/media?parent=2835"}],"wp:term":[{"taxonomy":"category","embeddable":true,"href":"https:\/\/jupi.pe.leg.br\/v3\/wp-json\/wp\/v2\/categories?post=2835"},{"taxonomy":"post_tag","embeddable":true,"href":"https:\/\/jupi.pe.leg.br\/v3\/wp-json\/wp\/v2\/tags?post=2835"}],"curies":[{"name":"wp","href":"https:\/\/api.w.org\/{rel}","templated":true}]}}