{"id":2830,"date":"2024-04-03T11:00:07","date_gmt":"2024-04-03T14:00:07","guid":{"rendered":"https:\/\/jupi.pe.leg.br\/v3\/?p=2830"},"modified":"2024-04-03T11:00:07","modified_gmt":"2024-04-03T14:00:07","slug":"em-meio-aos-desafios-encontramos-oportunidades-de-fazer-a-diferenca","status":"publish","type":"post","link":"https:\/\/jupi.pe.leg.br\/v3\/em-meio-aos-desafios-encontramos-oportunidades-de-fazer-a-diferenca\/","title":{"rendered":"Em meio aos desafios, encontramos oportunidades de fazer a diferen\u00e7a!"},"content":{"rendered":"<p>&#x1f468;&#x1f3fb;&#x200d;&#x1f4bc; &#x1f499;&#x1f90d;&#x1f49a; Como presidente da C\u00e2mara de Jupi, o Vereador L\u00eadson Liberato lidera com paix\u00e3o e comprometimento. Seus requerimentos refletem um desejo profundo por uma educa\u00e7\u00e3o de qualidade e por uma comunidade mais acolhedora e pr\u00f3spera.<\/p>\n<p>&#x1f4aa;&#x1f3fc; O pedido por salas de aula equipadas com ar-condicionado vai al\u00e9m do conforto f\u00edsico; \u00e9 sobre proporcionar um ambiente prop\u00edcio ao aprendizado e ao desenvolvimento das nossas crian\u00e7as. Enquanto isso, a constru\u00e7\u00e3o de portais nos povoados Col\u00f4nia e Santa Rita simboliza a entrada para um futuro promissor e cheio de oportunidades.<\/p>\n<p>&#x2728; Juntos, estamos construindo os alicerces de uma Jupi transformada, onde cada aluno possa sonhar mais alto e cada comunidade seja recebida com dignidade.<\/p>\n<p>Vamos continuar trabalhando lado a lado para garantir um amanh\u00e3 brilhante para todos os jupienses! &#x1f31f;<\/p>\n<p><img loading=\"lazy\" decoding=\"async\" width=\"699\" height=\"842\" class=\"img-fluid aligncenter size-full wp-image-2831\" src=\"https:\/\/jupi.pe.leg.br\/v3\/wp-content\/uploads\/2024\/04\/Captura-de-tela-2024-04-03-105738.png\" alt=\"\" data-wp-pid=\"2831\" srcset=\"https:\/\/jupi.pe.leg.br\/v3\/wp-content\/uploads\/2024\/04\/Captura-de-tela-2024-04-03-105738.png 699w, https:\/\/jupi.pe.leg.br\/v3\/wp-content\/uploads\/2024\/04\/Captura-de-tela-2024-04-03-105738-249x300.png 249w\" sizes=\"auto, (max-width: 699px) 100vw, 699px\" \/> <img loading=\"lazy\" decoding=\"async\" class=\"img-fluid aligncenter  wp-image-2832\" src=\"https:\/\/jupi.pe.leg.br\/v3\/wp-content\/uploads\/2024\/04\/Captura-de-tela-2024-04-03-105803.png\" alt=\"\" width=\"700\" height=\"933\" data-wp-pid=\"2832\" srcset=\"https:\/\/jupi.pe.leg.br\/v3\/wp-content\/uploads\/2024\/04\/Captura-de-tela-2024-04-03-105803.png 633w, https:\/\/jupi.pe.leg.br\/v3\/wp-content\/uploads\/2024\/04\/Captura-de-tela-2024-04-03-105803-225x300.png 225w\" sizes=\"auto, (max-width: 700px) 100vw, 700px\" \/> <img loading=\"lazy\" decoding=\"async\" class=\"img-fluid aligncenter  wp-image-2833\" src=\"https:\/\/jupi.pe.leg.br\/v3\/wp-content\/uploads\/2024\/04\/Captura-de-tela-2024-04-03-105827.png\" alt=\"\" width=\"700\" height=\"912\" data-wp-pid=\"2833\" srcset=\"https:\/\/jupi.pe.leg.br\/v3\/wp-content\/uploads\/2024\/04\/Captura-de-tela-2024-04-03-105827.png 661w, https:\/\/jupi.pe.leg.br\/v3\/wp-content\/uploads\/2024\/04\/Captura-de-tela-2024-04-03-105827-230x300.png 230w\" sizes=\"auto, (max-width: 700px) 100vw, 700px\" \/><\/p>\n","protected":false},"excerpt":{"rendered":"<p>&#x1f468;&#x1f3fb;&#x200d;&#x1f4bc; &#x1f499;&#x1f90d;&#x1f49a; Como presidente da C\u00e2mara de Jupi, o Vereador L\u00eadson Liberato lidera com paix\u00e3o e comprometimento. Seus requerimentos refletem um desejo profundo por uma educa\u00e7\u00e3o de qualidade e por uma comunidade mais acolhedora e pr\u00f3spera. &#x1f4aa;&#x1f3fc; O pedido por <a class=\"leiamais\" href=\"https:\/\/jupi.pe.leg.br\/v3\/em-meio-aos-desafios-encontramos-oportunidades-de-fazer-a-diferenca\/\">VER MAIS <i class=\"fa-solid fa-chevron-right\"><\/i><\/a><\/p>\n","protected":false},"author":2,"featured_media":2831,"comment_status":"open","ping_status":"open","sticky":false,"template":"","format":"standard","meta":{"_acf_changed":false,"footnotes":""},"categories":[4],"tags":[],"class_list":["post-2830","post","type-post","status-publish","format-standard","has-post-thumbnail","hentry","category-noticias","active"],"acf":[],"_links":{"self":[{"href":"https:\/\/jupi.pe.leg.br\/v3\/wp-json\/wp\/v2\/posts\/2830","targetHints":{"allow":["GET"]}}],"collection":[{"href":"https:\/\/jupi.pe.leg.br\/v3\/wp-json\/wp\/v2\/posts"}],"about":[{"href":"https:\/\/jupi.pe.leg.br\/v3\/wp-json\/wp\/v2\/types\/post"}],"author":[{"embeddable":true,"href":"https:\/\/jupi.pe.leg.br\/v3\/wp-json\/wp\/v2\/users\/2"}],"replies":[{"embeddable":true,"href":"https:\/\/jupi.pe.leg.br\/v3\/wp-json\/wp\/v2\/comments?post=2830"}],"version-history":[{"count":0,"href":"https:\/\/jupi.pe.leg.br\/v3\/wp-json\/wp\/v2\/posts\/2830\/revisions"}],"wp:featuredmedia":[{"embeddable":true,"href":"https:\/\/jupi.pe.leg.br\/v3\/wp-json\/wp\/v2\/media\/2831"}],"wp:attachment":[{"href":"https:\/\/jupi.pe.leg.br\/v3\/wp-json\/wp\/v2\/media?parent=2830"}],"wp:term":[{"taxonomy":"category","embeddable":true,"href":"https:\/\/jupi.pe.leg.br\/v3\/wp-json\/wp\/v2\/categories?post=2830"},{"taxonomy":"post_tag","embeddable":true,"href":"https:\/\/jupi.pe.leg.br\/v3\/wp-json\/wp\/v2\/tags?post=2830"}],"curies":[{"name":"wp","href":"https:\/\/api.w.org\/{rel}","templated":true}]}}