{"id":2825,"date":"2024-04-03T10:43:12","date_gmt":"2024-04-03T13:43:12","guid":{"rendered":"https:\/\/jupi.pe.leg.br\/v3\/?p=2825"},"modified":"2024-04-03T10:43:12","modified_gmt":"2024-04-03T13:43:12","slug":"construindo-lacos-criando-sorrisos","status":"publish","type":"post","link":"https:\/\/jupi.pe.leg.br\/v3\/construindo-lacos-criando-sorrisos\/","title":{"rendered":"Construindo la\u00e7os, criando sorrisos!"},"content":{"rendered":"<p>&#x270d;&#x1f3fb;Com o Requerimento n\u00b0. 006\/2024, a Pra\u00e7a no Loteamento Jo\u00e3o de Barros ganhar\u00e1 vida, refletindo o cuidado do Vereador Luiz Ricardo em transformar sonhos em realidade. &#x1f3de;&#xfe0f;&#x1f4ab;<\/p>\n<p>&#x2728; Domingos ser\u00e3o mais especiais! Com o Requerimento n\u00b0. 007\/2024, a Pra\u00e7a Nossa Senhora do Ros\u00e1rio ser\u00e1 palco de uni\u00e3o e celebra\u00e7\u00e3o, gra\u00e7as \u00e0 vis\u00e3o do Vereador Luiz Ricardo em fortalecer la\u00e7os comunit\u00e1rios. &#x1f389;<\/p>\n<p>&#x1f499; Juntos, vamos al\u00e9m! Agradecemos ao Vereador Luiz Ricardo por sua dedica\u00e7\u00e3o em tornar Jupi um lugar mais acolhedor e vibrante. Unidos, constru\u00edmos um futuro melhor para todos! &#x1f91d;<\/p>\n<p><img loading=\"lazy\" decoding=\"async\" width=\"702\" height=\"826\" class=\"img-fluid aligncenter size-full wp-image-2826\" src=\"https:\/\/jupi.pe.leg.br\/v3\/wp-content\/uploads\/2024\/04\/Captura-de-tela-2024-04-03-103800.png\" alt=\"\" data-wp-pid=\"2826\" srcset=\"https:\/\/jupi.pe.leg.br\/v3\/wp-content\/uploads\/2024\/04\/Captura-de-tela-2024-04-03-103800.png 702w, https:\/\/jupi.pe.leg.br\/v3\/wp-content\/uploads\/2024\/04\/Captura-de-tela-2024-04-03-103800-255x300.png 255w\" sizes=\"auto, (max-width: 702px) 100vw, 702px\" \/> <img loading=\"lazy\" decoding=\"async\" class=\"img-fluid aligncenter  wp-image-2827\" src=\"https:\/\/jupi.pe.leg.br\/v3\/wp-content\/uploads\/2024\/04\/Captura-de-tela-2024-04-03-103830.png\" alt=\"\" width=\"702\" height=\"956\" data-wp-pid=\"2827\" srcset=\"https:\/\/jupi.pe.leg.br\/v3\/wp-content\/uploads\/2024\/04\/Captura-de-tela-2024-04-03-103830.png 630w, https:\/\/jupi.pe.leg.br\/v3\/wp-content\/uploads\/2024\/04\/Captura-de-tela-2024-04-03-103830-220x300.png 220w\" sizes=\"auto, (max-width: 702px) 100vw, 702px\" \/> <img loading=\"lazy\" decoding=\"async\" class=\"img-fluid aligncenter  wp-image-2828\" src=\"https:\/\/jupi.pe.leg.br\/v3\/wp-content\/uploads\/2024\/04\/Captura-de-tela-2024-04-03-103852.png\" alt=\"\" width=\"703\" height=\"906\" data-wp-pid=\"2828\" srcset=\"https:\/\/jupi.pe.leg.br\/v3\/wp-content\/uploads\/2024\/04\/Captura-de-tela-2024-04-03-103852.png 664w, https:\/\/jupi.pe.leg.br\/v3\/wp-content\/uploads\/2024\/04\/Captura-de-tela-2024-04-03-103852-233x300.png 233w\" sizes=\"auto, (max-width: 703px) 100vw, 703px\" \/><\/p>\n","protected":false},"excerpt":{"rendered":"<p>&#x270d;&#x1f3fb;Com o Requerimento n\u00b0. 006\/2024, a Pra\u00e7a no Loteamento Jo\u00e3o de Barros ganhar\u00e1 vida, refletindo o cuidado do Vereador Luiz Ricardo em transformar sonhos em realidade. &#x1f3de;&#xfe0f;&#x1f4ab; &#x2728; Domingos ser\u00e3o mais especiais! Com o Requerimento n\u00b0. 007\/2024, a Pra\u00e7a Nossa <a class=\"leiamais\" href=\"https:\/\/jupi.pe.leg.br\/v3\/construindo-lacos-criando-sorrisos\/\">VER MAIS <i class=\"fa-solid fa-chevron-right\"><\/i><\/a><\/p>\n","protected":false},"author":2,"featured_media":2826,"comment_status":"open","ping_status":"open","sticky":false,"template":"","format":"standard","meta":{"_acf_changed":false,"footnotes":""},"categories":[4],"tags":[],"class_list":["post-2825","post","type-post","status-publish","format-standard","has-post-thumbnail","hentry","category-noticias","active"],"acf":[],"_links":{"self":[{"href":"https:\/\/jupi.pe.leg.br\/v3\/wp-json\/wp\/v2\/posts\/2825","targetHints":{"allow":["GET"]}}],"collection":[{"href":"https:\/\/jupi.pe.leg.br\/v3\/wp-json\/wp\/v2\/posts"}],"about":[{"href":"https:\/\/jupi.pe.leg.br\/v3\/wp-json\/wp\/v2\/types\/post"}],"author":[{"embeddable":true,"href":"https:\/\/jupi.pe.leg.br\/v3\/wp-json\/wp\/v2\/users\/2"}],"replies":[{"embeddable":true,"href":"https:\/\/jupi.pe.leg.br\/v3\/wp-json\/wp\/v2\/comments?post=2825"}],"version-history":[{"count":0,"href":"https:\/\/jupi.pe.leg.br\/v3\/wp-json\/wp\/v2\/posts\/2825\/revisions"}],"wp:featuredmedia":[{"embeddable":true,"href":"https:\/\/jupi.pe.leg.br\/v3\/wp-json\/wp\/v2\/media\/2826"}],"wp:attachment":[{"href":"https:\/\/jupi.pe.leg.br\/v3\/wp-json\/wp\/v2\/media?parent=2825"}],"wp:term":[{"taxonomy":"category","embeddable":true,"href":"https:\/\/jupi.pe.leg.br\/v3\/wp-json\/wp\/v2\/categories?post=2825"},{"taxonomy":"post_tag","embeddable":true,"href":"https:\/\/jupi.pe.leg.br\/v3\/wp-json\/wp\/v2\/tags?post=2825"}],"curies":[{"name":"wp","href":"https:\/\/api.w.org\/{rel}","templated":true}]}}