{"id":2820,"date":"2024-04-03T10:37:33","date_gmt":"2024-04-03T13:37:33","guid":{"rendered":"https:\/\/jupi.pe.leg.br\/v3\/?p=2820"},"modified":"2024-04-03T10:37:33","modified_gmt":"2024-04-03T13:37:33","slug":"educacao-e-o-alicerce-do-amanha","status":"publish","type":"post","link":"https:\/\/jupi.pe.leg.br\/v3\/educacao-e-o-alicerce-do-amanha\/","title":{"rendered":"Educa\u00e7\u00e3o \u00e9 o alicerce do amanh\u00e3!"},"content":{"rendered":"<p>&#x1f4ab; Emocionados em anunciar os requerimentos do vereador F\u00e1bio da Raposa para uma nova escola infantil e melhorias na Escola Municipal Ant\u00f4nio Lopes de Ara\u00fajo. &#x1f3eb; Juntos, constru\u00edmos um futuro brilhante para nossas crian\u00e7as! &#x2728;<\/p>\n<p>&#x1f31f; Honrados com a dedica\u00e7\u00e3o do vereador F\u00e1bio da Raposa em garantir oportunidades educacionais de qualidade para nossa comunidade. &#x1f393; Seu compromisso com o progresso \u00e9 inspirador! &#x1f4aa;<\/p>\n<p>&#x1f499; Vamos juntos transformar sonhos em realidade! Acreditamos no poder da educa\u00e7\u00e3o para construir um mundo melhor. &#x1f30d;<\/p>\n<p><img loading=\"lazy\" decoding=\"async\" width=\"707\" height=\"837\" class=\"img-fluid aligncenter size-full wp-image-2821\" src=\"https:\/\/jupi.pe.leg.br\/v3\/wp-content\/uploads\/2024\/04\/Captura-de-tela-2024-04-03-103447.png\" alt=\"\" data-wp-pid=\"2821\" srcset=\"https:\/\/jupi.pe.leg.br\/v3\/wp-content\/uploads\/2024\/04\/Captura-de-tela-2024-04-03-103447.png 707w, https:\/\/jupi.pe.leg.br\/v3\/wp-content\/uploads\/2024\/04\/Captura-de-tela-2024-04-03-103447-253x300.png 253w\" sizes=\"auto, (max-width: 707px) 100vw, 707px\" \/> <img loading=\"lazy\" decoding=\"async\" class=\"img-fluid aligncenter  wp-image-2822\" src=\"https:\/\/jupi.pe.leg.br\/v3\/wp-content\/uploads\/2024\/04\/Captura-de-tela-2024-04-03-103504.png\" alt=\"\" width=\"707\" height=\"849\" data-wp-pid=\"2822\" srcset=\"https:\/\/jupi.pe.leg.br\/v3\/wp-content\/uploads\/2024\/04\/Captura-de-tela-2024-04-03-103504.png 684w, https:\/\/jupi.pe.leg.br\/v3\/wp-content\/uploads\/2024\/04\/Captura-de-tela-2024-04-03-103504-250x300.png 250w\" sizes=\"auto, (max-width: 707px) 100vw, 707px\" \/> <img loading=\"lazy\" decoding=\"async\" class=\"img-fluid aligncenter  wp-image-2823\" src=\"https:\/\/jupi.pe.leg.br\/v3\/wp-content\/uploads\/2024\/04\/Captura-de-tela-2024-04-03-103536.png\" alt=\"\" width=\"707\" height=\"902\" data-wp-pid=\"2823\" srcset=\"https:\/\/jupi.pe.leg.br\/v3\/wp-content\/uploads\/2024\/04\/Captura-de-tela-2024-04-03-103536.png 679w, https:\/\/jupi.pe.leg.br\/v3\/wp-content\/uploads\/2024\/04\/Captura-de-tela-2024-04-03-103536-235x300.png 235w\" sizes=\"auto, (max-width: 707px) 100vw, 707px\" \/><\/p>\n","protected":false},"excerpt":{"rendered":"<p>&#x1f4ab; Emocionados em anunciar os requerimentos do vereador F\u00e1bio da Raposa para uma nova escola infantil e melhorias na Escola Municipal Ant\u00f4nio Lopes de Ara\u00fajo. &#x1f3eb; Juntos, constru\u00edmos um futuro brilhante para nossas crian\u00e7as! &#x2728; &#x1f31f; Honrados com a dedica\u00e7\u00e3o <a class=\"leiamais\" href=\"https:\/\/jupi.pe.leg.br\/v3\/educacao-e-o-alicerce-do-amanha\/\">VER MAIS <i class=\"fa-solid fa-chevron-right\"><\/i><\/a><\/p>\n","protected":false},"author":2,"featured_media":2821,"comment_status":"open","ping_status":"open","sticky":false,"template":"","format":"standard","meta":{"_acf_changed":false,"footnotes":""},"categories":[4],"tags":[],"class_list":["post-2820","post","type-post","status-publish","format-standard","has-post-thumbnail","hentry","category-noticias","active"],"acf":[],"_links":{"self":[{"href":"https:\/\/jupi.pe.leg.br\/v3\/wp-json\/wp\/v2\/posts\/2820","targetHints":{"allow":["GET"]}}],"collection":[{"href":"https:\/\/jupi.pe.leg.br\/v3\/wp-json\/wp\/v2\/posts"}],"about":[{"href":"https:\/\/jupi.pe.leg.br\/v3\/wp-json\/wp\/v2\/types\/post"}],"author":[{"embeddable":true,"href":"https:\/\/jupi.pe.leg.br\/v3\/wp-json\/wp\/v2\/users\/2"}],"replies":[{"embeddable":true,"href":"https:\/\/jupi.pe.leg.br\/v3\/wp-json\/wp\/v2\/comments?post=2820"}],"version-history":[{"count":0,"href":"https:\/\/jupi.pe.leg.br\/v3\/wp-json\/wp\/v2\/posts\/2820\/revisions"}],"wp:featuredmedia":[{"embeddable":true,"href":"https:\/\/jupi.pe.leg.br\/v3\/wp-json\/wp\/v2\/media\/2821"}],"wp:attachment":[{"href":"https:\/\/jupi.pe.leg.br\/v3\/wp-json\/wp\/v2\/media?parent=2820"}],"wp:term":[{"taxonomy":"category","embeddable":true,"href":"https:\/\/jupi.pe.leg.br\/v3\/wp-json\/wp\/v2\/categories?post=2820"},{"taxonomy":"post_tag","embeddable":true,"href":"https:\/\/jupi.pe.leg.br\/v3\/wp-json\/wp\/v2\/tags?post=2820"}],"curies":[{"name":"wp","href":"https:\/\/api.w.org\/{rel}","templated":true}]}}