{"id":2807,"date":"2024-04-03T10:27:56","date_gmt":"2024-04-03T13:27:56","guid":{"rendered":"https:\/\/jupi.pe.leg.br\/v3\/?p=2807"},"modified":"2024-04-03T10:27:56","modified_gmt":"2024-04-03T13:27:56","slug":"tbt-da-terceira-sessao-do-primeiro-periodo-legislativo-de-2024-na-camara-de-jupi-casa-zulmiro-guilherme","status":"publish","type":"post","link":"https:\/\/jupi.pe.leg.br\/v3\/tbt-da-terceira-sessao-do-primeiro-periodo-legislativo-de-2024-na-camara-de-jupi-casa-zulmiro-guilherme\/","title":{"rendered":"TBT da Terceira Sess\u00e3o do Primeiro Per\u00edodo Legislativo de 2024 na C\u00e2mara de Jupi Casa Zulmiro Guilherme!"},"content":{"rendered":"<p>Nossa equipe legislativa trabalhando duro para o desenvolvimento de Jupi! &#x1f4aa; Confira os principais destaques da pauta:<\/p>\n<p>&#x1f4dc; PROJETOS\/ VETOS\/ EMENDAS:<\/p>\n<p>&#x1f537;Projeto de Lei n\u00b0. 004\/2024 &#8211; Regulamenta\u00e7\u00e3o do Transporte Escolar (Executivo Municipal).<br \/>\n&#x1f537;Projeto de Lei n\u00b0. 005\/2024 &#8211; Piso Salarial dos Agentes de Sa\u00fade (Executivo Municipal).<br \/>\n&#x1f537;Projeto de Lei n\u00b0. 001\/2024 &#8211; Denomina\u00e7\u00e3o de Estrada (Vereador Ant\u00f4nio Liberato Sobrinho).<\/p>\n<p>&#x1f4dd; REQUERIMENTOS \/ INDICA\u00c7\u00d5ES:<\/p>\n<p>&#x1f6d1; Redutores de Velocidade &#8211; Vereador Paulo C\u00e9sar Cordeiro Vilela.<\/p>\n<p>&#x1f4a1;Constru\u00e7\u00e3o de Cal\u00e7amento e Lumin\u00e1rias &#8211; Vereador Ant\u00f4nio da C\u00f4lonia.<\/p>\n<p>&#x1f333; Cuidados com Preserva\u00e7\u00e3o e Arboriza\u00e7\u00e3o &#8211; Vereador Ant\u00f4nio da C\u00f4lonia.<\/p>\n<p>&#x26bd;Melhorias na Quadra Municipal Poliesportiva &#8211; Vereador Luiz Ricardo.<\/p>\n<p>&#x1f690; Cria\u00e7\u00e3o de Museu Itinerante &#8211; Vereador Luiz Ricardo.<\/p>\n<p>&#x1f3e4; Instala\u00e7\u00e3o de Ar Condicionado em Escolas e Creches &#8211; Vereador, Presidente L\u00eadson Liberato.<\/p>\n<p>&#x26e9;Constru\u00e7\u00e3o de Portais nos Povoados Col\u00f4nia e Santa Rita &#8211; Vereador, Presidente L\u00eadson Liberato.<\/p>\n<p>&#x1f3db; Constru\u00e7\u00e3o de N\u00facleo Integrado para Mulheres &#8211; Vereador F\u00e1bio J\u00fanior.<\/p>\n<p>&#x1fac2;Juntos, estamos fazendo a diferen\u00e7a para o futuro de nossa cidade! &#x1f31f;<\/p>\n<p>&nbsp;<\/p>\n<p><img loading=\"lazy\" decoding=\"async\" width=\"843\" height=\"866\" class=\"img-fluid aligncenter size-full wp-image-2808\" src=\"https:\/\/jupi.pe.leg.br\/v3\/wp-content\/uploads\/2024\/04\/Captura-de-tela-2024-04-03-102045.png\" alt=\"\" data-wp-pid=\"2808\" srcset=\"https:\/\/jupi.pe.leg.br\/v3\/wp-content\/uploads\/2024\/04\/Captura-de-tela-2024-04-03-102045.png 843w, https:\/\/jupi.pe.leg.br\/v3\/wp-content\/uploads\/2024\/04\/Captura-de-tela-2024-04-03-102045-292x300.png 292w, https:\/\/jupi.pe.leg.br\/v3\/wp-content\/uploads\/2024\/04\/Captura-de-tela-2024-04-03-102045-768x789.png 768w\" sizes=\"auto, (max-width: 843px) 100vw, 843px\" \/> <img loading=\"lazy\" decoding=\"async\" width=\"810\" height=\"857\" class=\"img-fluid aligncenter size-full wp-image-2809\" src=\"https:\/\/jupi.pe.leg.br\/v3\/wp-content\/uploads\/2024\/04\/Captura-de-tela-2024-04-03-102106.png\" alt=\"\" data-wp-pid=\"2809\" srcset=\"https:\/\/jupi.pe.leg.br\/v3\/wp-content\/uploads\/2024\/04\/Captura-de-tela-2024-04-03-102106.png 810w, https:\/\/jupi.pe.leg.br\/v3\/wp-content\/uploads\/2024\/04\/Captura-de-tela-2024-04-03-102106-284x300.png 284w, https:\/\/jupi.pe.leg.br\/v3\/wp-content\/uploads\/2024\/04\/Captura-de-tela-2024-04-03-102106-768x813.png 768w\" sizes=\"auto, (max-width: 810px) 100vw, 810px\" \/> <img loading=\"lazy\" decoding=\"async\" width=\"803\" height=\"864\" class=\"img-fluid aligncenter size-full wp-image-2810\" src=\"https:\/\/jupi.pe.leg.br\/v3\/wp-content\/uploads\/2024\/04\/Captura-de-tela-2024-04-03-102139.png\" alt=\"\" data-wp-pid=\"2810\" srcset=\"https:\/\/jupi.pe.leg.br\/v3\/wp-content\/uploads\/2024\/04\/Captura-de-tela-2024-04-03-102139.png 803w, https:\/\/jupi.pe.leg.br\/v3\/wp-content\/uploads\/2024\/04\/Captura-de-tela-2024-04-03-102139-279x300.png 279w, https:\/\/jupi.pe.leg.br\/v3\/wp-content\/uploads\/2024\/04\/Captura-de-tela-2024-04-03-102139-768x826.png 768w\" sizes=\"auto, (max-width: 803px) 100vw, 803px\" \/> <img loading=\"lazy\" decoding=\"async\" width=\"804\" height=\"862\" class=\"img-fluid aligncenter size-full wp-image-2811\" src=\"https:\/\/jupi.pe.leg.br\/v3\/wp-content\/uploads\/2024\/04\/Captura-de-tela-2024-04-03-102206.png\" alt=\"\" data-wp-pid=\"2811\" srcset=\"https:\/\/jupi.pe.leg.br\/v3\/wp-content\/uploads\/2024\/04\/Captura-de-tela-2024-04-03-102206.png 804w, https:\/\/jupi.pe.leg.br\/v3\/wp-content\/uploads\/2024\/04\/Captura-de-tela-2024-04-03-102206-280x300.png 280w, https:\/\/jupi.pe.leg.br\/v3\/wp-content\/uploads\/2024\/04\/Captura-de-tela-2024-04-03-102206-768x823.png 768w\" sizes=\"auto, (max-width: 804px) 100vw, 804px\" \/> <img loading=\"lazy\" decoding=\"async\" width=\"802\" height=\"861\" class=\"img-fluid aligncenter size-full wp-image-2812\" src=\"https:\/\/jupi.pe.leg.br\/v3\/wp-content\/uploads\/2024\/04\/Captura-de-tela-2024-04-03-102234.png\" alt=\"\" data-wp-pid=\"2812\" srcset=\"https:\/\/jupi.pe.leg.br\/v3\/wp-content\/uploads\/2024\/04\/Captura-de-tela-2024-04-03-102234.png 802w, https:\/\/jupi.pe.leg.br\/v3\/wp-content\/uploads\/2024\/04\/Captura-de-tela-2024-04-03-102234-279x300.png 279w, https:\/\/jupi.pe.leg.br\/v3\/wp-content\/uploads\/2024\/04\/Captura-de-tela-2024-04-03-102234-768x824.png 768w\" sizes=\"auto, (max-width: 802px) 100vw, 802px\" \/> <img loading=\"lazy\" decoding=\"async\" width=\"816\" height=\"861\" class=\"img-fluid aligncenter size-full wp-image-2813\" src=\"https:\/\/jupi.pe.leg.br\/v3\/wp-content\/uploads\/2024\/04\/Captura-de-tela-2024-04-03-102252.png\" alt=\"\" data-wp-pid=\"2813\" srcset=\"https:\/\/jupi.pe.leg.br\/v3\/wp-content\/uploads\/2024\/04\/Captura-de-tela-2024-04-03-102252.png 816w, https:\/\/jupi.pe.leg.br\/v3\/wp-content\/uploads\/2024\/04\/Captura-de-tela-2024-04-03-102252-284x300.png 284w, https:\/\/jupi.pe.leg.br\/v3\/wp-content\/uploads\/2024\/04\/Captura-de-tela-2024-04-03-102252-768x810.png 768w\" sizes=\"auto, (max-width: 816px) 100vw, 816px\" \/> <img loading=\"lazy\" decoding=\"async\" width=\"844\" height=\"864\" class=\"img-fluid aligncenter size-full wp-image-2814\" src=\"https:\/\/jupi.pe.leg.br\/v3\/wp-content\/uploads\/2024\/04\/Captura-de-tela-2024-04-03-102318.png\" alt=\"\" data-wp-pid=\"2814\" srcset=\"https:\/\/jupi.pe.leg.br\/v3\/wp-content\/uploads\/2024\/04\/Captura-de-tela-2024-04-03-102318.png 844w, https:\/\/jupi.pe.leg.br\/v3\/wp-content\/uploads\/2024\/04\/Captura-de-tela-2024-04-03-102318-293x300.png 293w, https:\/\/jupi.pe.leg.br\/v3\/wp-content\/uploads\/2024\/04\/Captura-de-tela-2024-04-03-102318-768x786.png 768w\" sizes=\"auto, (max-width: 844px) 100vw, 844px\" \/><\/p>\n","protected":false},"excerpt":{"rendered":"<p>Nossa equipe legislativa trabalhando duro para o desenvolvimento de Jupi! &#x1f4aa; Confira os principais destaques da pauta: &#x1f4dc; PROJETOS\/ VETOS\/ EMENDAS: &#x1f537;Projeto de Lei n\u00b0. 004\/2024 &#8211; Regulamenta\u00e7\u00e3o do Transporte Escolar (Executivo Municipal). &#x1f537;Projeto de Lei n\u00b0. 005\/2024 &#8211; Piso <a class=\"leiamais\" href=\"https:\/\/jupi.pe.leg.br\/v3\/tbt-da-terceira-sessao-do-primeiro-periodo-legislativo-de-2024-na-camara-de-jupi-casa-zulmiro-guilherme\/\">VER MAIS <i class=\"fa-solid fa-chevron-right\"><\/i><\/a><\/p>\n","protected":false},"author":2,"featured_media":2814,"comment_status":"open","ping_status":"open","sticky":false,"template":"","format":"standard","meta":{"_acf_changed":false,"footnotes":""},"categories":[4],"tags":[],"class_list":["post-2807","post","type-post","status-publish","format-standard","has-post-thumbnail","hentry","category-noticias","active"],"acf":[],"_links":{"self":[{"href":"https:\/\/jupi.pe.leg.br\/v3\/wp-json\/wp\/v2\/posts\/2807","targetHints":{"allow":["GET"]}}],"collection":[{"href":"https:\/\/jupi.pe.leg.br\/v3\/wp-json\/wp\/v2\/posts"}],"about":[{"href":"https:\/\/jupi.pe.leg.br\/v3\/wp-json\/wp\/v2\/types\/post"}],"author":[{"embeddable":true,"href":"https:\/\/jupi.pe.leg.br\/v3\/wp-json\/wp\/v2\/users\/2"}],"replies":[{"embeddable":true,"href":"https:\/\/jupi.pe.leg.br\/v3\/wp-json\/wp\/v2\/comments?post=2807"}],"version-history":[{"count":0,"href":"https:\/\/jupi.pe.leg.br\/v3\/wp-json\/wp\/v2\/posts\/2807\/revisions"}],"wp:featuredmedia":[{"embeddable":true,"href":"https:\/\/jupi.pe.leg.br\/v3\/wp-json\/wp\/v2\/media\/2814"}],"wp:attachment":[{"href":"https:\/\/jupi.pe.leg.br\/v3\/wp-json\/wp\/v2\/media?parent=2807"}],"wp:term":[{"taxonomy":"category","embeddable":true,"href":"https:\/\/jupi.pe.leg.br\/v3\/wp-json\/wp\/v2\/categories?post=2807"},{"taxonomy":"post_tag","embeddable":true,"href":"https:\/\/jupi.pe.leg.br\/v3\/wp-json\/wp\/v2\/tags?post=2807"}],"curies":[{"name":"wp","href":"https:\/\/api.w.org\/{rel}","templated":true}]}}