{"id":2802,"date":"2024-04-03T10:19:43","date_gmt":"2024-04-03T13:19:43","guid":{"rendered":"https:\/\/jupi.pe.leg.br\/v3\/?p=2802"},"modified":"2024-04-03T10:19:43","modified_gmt":"2024-04-03T13:19:43","slug":"educando-o-futuro-pavimentando-caminhos","status":"publish","type":"post","link":"https:\/\/jupi.pe.leg.br\/v3\/educando-o-futuro-pavimentando-caminhos\/","title":{"rendered":"EDUCANDO O FUTURO, PAVIMENTANDO CAMINHOS"},"content":{"rendered":"<p>&#x1f64c;&#x1f3fb;O Vereador Ant\u00f4nio da Col\u00f4nia n\u00e3o apenas pede, ele sonha junto! Com o Requerimento n\u00b0. 002\/2024, ele clama pela implanta\u00e7\u00e3o de turmas do 6\u00b0 ao 9\u00b0 anos da EJA, abrindo portas para um futuro educacional mais inclusivo.<\/p>\n<p>&#x1f69c;Enquanto isso, com o Requerimento n\u00b0. 003\/2024, o mesmo vereador busca pavimentar n\u00e3o s\u00f3 as ruas, mas os sonhos da Col\u00f4nia, pedindo ao Exm\u00b0. Prefeito e \u00e0 Secretaria de Infraestrutura e Servi\u00e7os Urbanos um caminho mais justo para todos.<\/p>\n<p>&#x1fac2;Sonhos e ruas se encontram nas m\u00e3os do povo, nas m\u00e3os do vereador Ant\u00f4nio da Col\u00f4nia.<\/p>\n<p><img loading=\"lazy\" decoding=\"async\" width=\"712\" height=\"831\" class=\"img-fluid aligncenter size-full wp-image-2803\" src=\"https:\/\/jupi.pe.leg.br\/v3\/wp-content\/uploads\/2024\/04\/Captura-de-tela-2024-04-03-095536.png\" alt=\"\" data-wp-pid=\"2803\" srcset=\"https:\/\/jupi.pe.leg.br\/v3\/wp-content\/uploads\/2024\/04\/Captura-de-tela-2024-04-03-095536.png 712w, https:\/\/jupi.pe.leg.br\/v3\/wp-content\/uploads\/2024\/04\/Captura-de-tela-2024-04-03-095536-257x300.png 257w\" sizes=\"auto, (max-width: 712px) 100vw, 712px\" \/> <img loading=\"lazy\" decoding=\"async\" class=\"img-fluid aligncenter  wp-image-2805\" src=\"https:\/\/jupi.pe.leg.br\/v3\/wp-content\/uploads\/2024\/04\/Captura-de-tela-2024-04-03-095632.png\" alt=\"\" width=\"712\" height=\"869\" data-wp-pid=\"2805\" srcset=\"https:\/\/jupi.pe.leg.br\/v3\/wp-content\/uploads\/2024\/04\/Captura-de-tela-2024-04-03-095632.png 708w, https:\/\/jupi.pe.leg.br\/v3\/wp-content\/uploads\/2024\/04\/Captura-de-tela-2024-04-03-095632-246x300.png 246w\" sizes=\"auto, (max-width: 712px) 100vw, 712px\" \/><img loading=\"lazy\" decoding=\"async\" class=\"img-fluid aligncenter  wp-image-2804\" src=\"https:\/\/jupi.pe.leg.br\/v3\/wp-content\/uploads\/2024\/04\/Captura-de-tela-2024-04-03-095609.png\" alt=\"\" width=\"711\" height=\"868\" data-wp-pid=\"2804\" srcset=\"https:\/\/jupi.pe.leg.br\/v3\/wp-content\/uploads\/2024\/04\/Captura-de-tela-2024-04-03-095609.png 706w, https:\/\/jupi.pe.leg.br\/v3\/wp-content\/uploads\/2024\/04\/Captura-de-tela-2024-04-03-095609-246x300.png 246w\" sizes=\"auto, (max-width: 711px) 100vw, 711px\" \/><\/p>\n","protected":false},"excerpt":{"rendered":"<p>&#x1f64c;&#x1f3fb;O Vereador Ant\u00f4nio da Col\u00f4nia n\u00e3o apenas pede, ele sonha junto! Com o Requerimento n\u00b0. 002\/2024, ele clama pela implanta\u00e7\u00e3o de turmas do 6\u00b0 ao 9\u00b0 anos da EJA, abrindo portas para um futuro educacional mais inclusivo. &#x1f69c;Enquanto isso, com <a class=\"leiamais\" href=\"https:\/\/jupi.pe.leg.br\/v3\/educando-o-futuro-pavimentando-caminhos\/\">VER MAIS <i class=\"fa-solid fa-chevron-right\"><\/i><\/a><\/p>\n","protected":false},"author":2,"featured_media":2803,"comment_status":"open","ping_status":"open","sticky":false,"template":"","format":"standard","meta":{"_acf_changed":false,"footnotes":""},"categories":[4],"tags":[],"class_list":["post-2802","post","type-post","status-publish","format-standard","has-post-thumbnail","hentry","category-noticias","active"],"acf":[],"_links":{"self":[{"href":"https:\/\/jupi.pe.leg.br\/v3\/wp-json\/wp\/v2\/posts\/2802","targetHints":{"allow":["GET"]}}],"collection":[{"href":"https:\/\/jupi.pe.leg.br\/v3\/wp-json\/wp\/v2\/posts"}],"about":[{"href":"https:\/\/jupi.pe.leg.br\/v3\/wp-json\/wp\/v2\/types\/post"}],"author":[{"embeddable":true,"href":"https:\/\/jupi.pe.leg.br\/v3\/wp-json\/wp\/v2\/users\/2"}],"replies":[{"embeddable":true,"href":"https:\/\/jupi.pe.leg.br\/v3\/wp-json\/wp\/v2\/comments?post=2802"}],"version-history":[{"count":0,"href":"https:\/\/jupi.pe.leg.br\/v3\/wp-json\/wp\/v2\/posts\/2802\/revisions"}],"wp:featuredmedia":[{"embeddable":true,"href":"https:\/\/jupi.pe.leg.br\/v3\/wp-json\/wp\/v2\/media\/2803"}],"wp:attachment":[{"href":"https:\/\/jupi.pe.leg.br\/v3\/wp-json\/wp\/v2\/media?parent=2802"}],"wp:term":[{"taxonomy":"category","embeddable":true,"href":"https:\/\/jupi.pe.leg.br\/v3\/wp-json\/wp\/v2\/categories?post=2802"},{"taxonomy":"post_tag","embeddable":true,"href":"https:\/\/jupi.pe.leg.br\/v3\/wp-json\/wp\/v2\/tags?post=2802"}],"curies":[{"name":"wp","href":"https:\/\/api.w.org\/{rel}","templated":true}]}}