{"id":2786,"date":"2024-03-21T16:03:22","date_gmt":"2024-03-21T19:03:22","guid":{"rendered":"https:\/\/jupi.pe.leg.br\/v3\/?p=2786"},"modified":"2024-03-21T16:03:22","modified_gmt":"2024-03-21T19:03:22","slug":"requerimento-no-026-2024","status":"publish","type":"post","link":"https:\/\/jupi.pe.leg.br\/v3\/requerimento-no-026-2024\/","title":{"rendered":"Requerimento n\u00ba. 026 2024"},"content":{"rendered":"<p>Requeiro a Mesa, ouvindo o plen\u00e1rio, e cumprindo as formalidades regimentais, Solicita\u00e7\u00e3o ao Exm\u00ba. Prefeito deste municlpio, Sr. Ant\u00f4nio Marcos Patriota, por interm\u00e9dio da Secretaria Municipal de Infraestrutura e Servi\u00e7os Urbanos, veemente apelo, no sentido de que seja atendida a solicita\u00e7\u00e3o abaixo mencionada, requerida atrav\u00e9s dos Requerimentos N\u00ba 084\/2022 e 123\/2023, sendo reapresentada atrav\u00e9s do presente pleito:<\/p>\n<p>&#8211; Recupera\u00e7\u00e3o da estrada da Serra da Col\u00f4nia, visando melhorias no acesso da popula\u00e7\u00e3o dos S\u00edtios: Pau Ferro, Grot\u00e3o, e Areias \u00e0 UBS Mauro Andr\u00e9 de Oliveira no Povoado Col\u00f4nia deste municipio.<\/p>\n","protected":false},"excerpt":{"rendered":"<p>Requeiro a Mesa, ouvindo o plen\u00e1rio, e cumprindo as formalidades regimentais, Solicita\u00e7\u00e3o ao Exm\u00ba. Prefeito deste municlpio, Sr. Ant\u00f4nio Marcos Patriota, por interm\u00e9dio da Secretaria Municipal de Infraestrutura e Servi\u00e7os Urbanos, veemente apelo, no sentido de que seja atendida a <a class=\"leiamais\" href=\"https:\/\/jupi.pe.leg.br\/v3\/requerimento-no-026-2024\/\">VER MAIS <i class=\"fa-solid fa-chevron-right\"><\/i><\/a><\/p>\n","protected":false},"author":2,"featured_media":0,"comment_status":"open","ping_status":"open","sticky":false,"template":"","format":"standard","meta":{"_acf_changed":false,"footnotes":""},"categories":[23,5],"tags":[],"class_list":["post-2786","post","type-post","status-publish","format-standard","hentry","category-ver_antoniodacolonia","category-vereadores","active"],"acf":[],"_links":{"self":[{"href":"https:\/\/jupi.pe.leg.br\/v3\/wp-json\/wp\/v2\/posts\/2786","targetHints":{"allow":["GET"]}}],"collection":[{"href":"https:\/\/jupi.pe.leg.br\/v3\/wp-json\/wp\/v2\/posts"}],"about":[{"href":"https:\/\/jupi.pe.leg.br\/v3\/wp-json\/wp\/v2\/types\/post"}],"author":[{"embeddable":true,"href":"https:\/\/jupi.pe.leg.br\/v3\/wp-json\/wp\/v2\/users\/2"}],"replies":[{"embeddable":true,"href":"https:\/\/jupi.pe.leg.br\/v3\/wp-json\/wp\/v2\/comments?post=2786"}],"version-history":[{"count":0,"href":"https:\/\/jupi.pe.leg.br\/v3\/wp-json\/wp\/v2\/posts\/2786\/revisions"}],"wp:attachment":[{"href":"https:\/\/jupi.pe.leg.br\/v3\/wp-json\/wp\/v2\/media?parent=2786"}],"wp:term":[{"taxonomy":"category","embeddable":true,"href":"https:\/\/jupi.pe.leg.br\/v3\/wp-json\/wp\/v2\/categories?post=2786"},{"taxonomy":"post_tag","embeddable":true,"href":"https:\/\/jupi.pe.leg.br\/v3\/wp-json\/wp\/v2\/tags?post=2786"}],"curies":[{"name":"wp","href":"https:\/\/api.w.org\/{rel}","templated":true}]}}