{"id":2770,"date":"2024-03-13T14:47:11","date_gmt":"2024-03-13T17:47:11","guid":{"rendered":"https:\/\/jupi.pe.leg.br\/v3\/?p=2770"},"modified":"2024-03-13T14:47:11","modified_gmt":"2024-03-13T17:47:11","slug":"requerimento-no-023-2024","status":"publish","type":"post","link":"https:\/\/jupi.pe.leg.br\/v3\/requerimento-no-023-2024\/","title":{"rendered":"Requerimento n\u00ba. 023 2024"},"content":{"rendered":"<p>Requeiro a Mesa, ouvindo o Plen\u00e1rio e cumprindo as formalidades regimentais, solicita\u00e7\u00e3o ao Exmo. Prefeito deste munic\u00edpio, Sr. Ant\u00f4nio Marcos Patriota, por interm\u00e9dio da Secretaria Municipal de Infraestrutura e Servi\u00e7os Urbanos, veemente apelo, no sentido de que seja realizada a coloca\u00e7\u00e3o de placas no final da rua Ant\u00f4nio vieira de Melo e no acesso principal em frente da propriedade do Sr. Genildo Pinheiro, \u00e0s\u00b7 margens da PE 158, indicando o direcionamento do Povoado Santa Rita, deste munic\u00edpio.<\/p>\n","protected":false},"excerpt":{"rendered":"<p>Requeiro a Mesa, ouvindo o Plen\u00e1rio e cumprindo as formalidades regimentais, solicita\u00e7\u00e3o ao Exmo. Prefeito deste munic\u00edpio, Sr. Ant\u00f4nio Marcos Patriota, por interm\u00e9dio da Secretaria Municipal de Infraestrutura e Servi\u00e7os Urbanos, veemente apelo, no sentido de que seja realizada a <a class=\"leiamais\" href=\"https:\/\/jupi.pe.leg.br\/v3\/requerimento-no-023-2024\/\">VER MAIS <i class=\"fa-solid fa-chevron-right\"><\/i><\/a><\/p>\n","protected":false},"author":2,"featured_media":0,"comment_status":"open","ping_status":"open","sticky":false,"template":"","format":"standard","meta":{"_acf_changed":false,"footnotes":""},"categories":[13,5],"tags":[],"class_list":["post-2770","post","type-post","status-publish","format-standard","hentry","category-ver_toinho","category-vereadores","active"],"acf":[],"_links":{"self":[{"href":"https:\/\/jupi.pe.leg.br\/v3\/wp-json\/wp\/v2\/posts\/2770","targetHints":{"allow":["GET"]}}],"collection":[{"href":"https:\/\/jupi.pe.leg.br\/v3\/wp-json\/wp\/v2\/posts"}],"about":[{"href":"https:\/\/jupi.pe.leg.br\/v3\/wp-json\/wp\/v2\/types\/post"}],"author":[{"embeddable":true,"href":"https:\/\/jupi.pe.leg.br\/v3\/wp-json\/wp\/v2\/users\/2"}],"replies":[{"embeddable":true,"href":"https:\/\/jupi.pe.leg.br\/v3\/wp-json\/wp\/v2\/comments?post=2770"}],"version-history":[{"count":0,"href":"https:\/\/jupi.pe.leg.br\/v3\/wp-json\/wp\/v2\/posts\/2770\/revisions"}],"wp:attachment":[{"href":"https:\/\/jupi.pe.leg.br\/v3\/wp-json\/wp\/v2\/media?parent=2770"}],"wp:term":[{"taxonomy":"category","embeddable":true,"href":"https:\/\/jupi.pe.leg.br\/v3\/wp-json\/wp\/v2\/categories?post=2770"},{"taxonomy":"post_tag","embeddable":true,"href":"https:\/\/jupi.pe.leg.br\/v3\/wp-json\/wp\/v2\/tags?post=2770"}],"curies":[{"name":"wp","href":"https:\/\/api.w.org\/{rel}","templated":true}]}}