{"id":2743,"date":"2024-02-29T14:55:52","date_gmt":"2024-02-29T17:55:52","guid":{"rendered":"https:\/\/jupi.pe.leg.br\/v3\/?p=2743"},"modified":"2024-02-29T14:55:52","modified_gmt":"2024-02-29T17:55:52","slug":"requerimento-no-013-2024","status":"publish","type":"post","link":"https:\/\/jupi.pe.leg.br\/v3\/requerimento-no-013-2024\/","title":{"rendered":"Requerimento n\u00ba. 013 2024"},"content":{"rendered":"<p>Requeiro \u00e0 Mesa, ouvindo o Plen\u00e1rio e cumprindo as formalidades regimentais, solicita\u00e7\u00e3o ao Exmo. Prefeito deste munic\u00edpio, Sr. Ant\u00f4nio Marcos Patriota, por interm\u00e9dio da Secretaria Municipal de Infraestrutura e Servi\u00e7os Urbanos, veemente apelo, no sentido de tomar medidas que objetivem a<br \/>\nCONSTRU\u00c7\u00c3O DE PORTAIS NAS ENTRADAS DOS POVOADOS COL\u00d4NIA E SANTA RITA, no munic\u00edpio de Jupi.<\/p>\n","protected":false},"excerpt":{"rendered":"<p>Requeiro \u00e0 Mesa, ouvindo o Plen\u00e1rio e cumprindo as formalidades regimentais, solicita\u00e7\u00e3o ao Exmo. Prefeito deste munic\u00edpio, Sr. Ant\u00f4nio Marcos Patriota, por interm\u00e9dio da Secretaria Municipal de Infraestrutura e Servi\u00e7os Urbanos, veemente apelo, no sentido de tomar medidas que objetivem <a class=\"leiamais\" href=\"https:\/\/jupi.pe.leg.br\/v3\/requerimento-no-013-2024\/\">VER MAIS <i class=\"fa-solid fa-chevron-right\"><\/i><\/a><\/p>\n","protected":false},"author":2,"featured_media":0,"comment_status":"open","ping_status":"open","sticky":false,"template":"","format":"standard","meta":{"_acf_changed":false,"footnotes":""},"categories":[12,5],"tags":[],"class_list":["post-2743","post","type-post","status-publish","format-standard","hentry","category-ver_ledson","category-vereadores","active"],"acf":[],"_links":{"self":[{"href":"https:\/\/jupi.pe.leg.br\/v3\/wp-json\/wp\/v2\/posts\/2743","targetHints":{"allow":["GET"]}}],"collection":[{"href":"https:\/\/jupi.pe.leg.br\/v3\/wp-json\/wp\/v2\/posts"}],"about":[{"href":"https:\/\/jupi.pe.leg.br\/v3\/wp-json\/wp\/v2\/types\/post"}],"author":[{"embeddable":true,"href":"https:\/\/jupi.pe.leg.br\/v3\/wp-json\/wp\/v2\/users\/2"}],"replies":[{"embeddable":true,"href":"https:\/\/jupi.pe.leg.br\/v3\/wp-json\/wp\/v2\/comments?post=2743"}],"version-history":[{"count":0,"href":"https:\/\/jupi.pe.leg.br\/v3\/wp-json\/wp\/v2\/posts\/2743\/revisions"}],"wp:attachment":[{"href":"https:\/\/jupi.pe.leg.br\/v3\/wp-json\/wp\/v2\/media?parent=2743"}],"wp:term":[{"taxonomy":"category","embeddable":true,"href":"https:\/\/jupi.pe.leg.br\/v3\/wp-json\/wp\/v2\/categories?post=2743"},{"taxonomy":"post_tag","embeddable":true,"href":"https:\/\/jupi.pe.leg.br\/v3\/wp-json\/wp\/v2\/tags?post=2743"}],"curies":[{"name":"wp","href":"https:\/\/api.w.org\/{rel}","templated":true}]}}