{"id":2730,"date":"2024-02-29T14:51:46","date_gmt":"2024-02-29T17:51:46","guid":{"rendered":"https:\/\/jupi.pe.leg.br\/v3\/?p=2730"},"modified":"2024-02-29T14:51:46","modified_gmt":"2024-02-29T17:51:46","slug":"requerimento-no-009-2024","status":"publish","type":"post","link":"https:\/\/jupi.pe.leg.br\/v3\/requerimento-no-009-2024\/","title":{"rendered":"Requerimento n\u00ba. 009 2024"},"content":{"rendered":"<p>Requeiro a Mesa, ouvindo o plen\u00e1rio, e cumprindo as formalidades regimentais, Solicita\u00e7\u00e3o ao Exm\u00ba. Prefeito deste munic\u00edpio, Sr. Ant\u00f4nio Marcos Patriota, por interm\u00e9dio da Secretaria de Infraestrutura e Servi\u00e7os Urbanos, veemente apelo, no sentido de que seja atendida a solicita\u00e7\u00e3o abaixo mencionada, j\u00e1 requerida atrav\u00e9s do Requerimento N\u00bas: 063\/2017, 046\/2019, 016\/2020, 107\/2021, 031\/2022 e 095\/2023, sendo reapresentado atrav\u00e9s do presente pleito:<br \/>\n&#8211; Contrata\u00e7\u00e3o de um funcion\u00e1rio para proceder aos devidos cuidados com a preserva\u00e7\u00e3o e arboriza\u00e7\u00e3o em toda a \u00e1rea de extens\u00e3o;<\/p>\n","protected":false},"excerpt":{"rendered":"<p>Requeiro a Mesa, ouvindo o plen\u00e1rio, e cumprindo as formalidades regimentais, Solicita\u00e7\u00e3o ao Exm\u00ba. Prefeito deste munic\u00edpio, Sr. Ant\u00f4nio Marcos Patriota, por interm\u00e9dio da Secretaria de Infraestrutura e Servi\u00e7os Urbanos, veemente apelo, no sentido de que seja atendida a solicita\u00e7\u00e3o <a class=\"leiamais\" href=\"https:\/\/jupi.pe.leg.br\/v3\/requerimento-no-009-2024\/\">VER MAIS <i class=\"fa-solid fa-chevron-right\"><\/i><\/a><\/p>\n","protected":false},"author":2,"featured_media":0,"comment_status":"open","ping_status":"open","sticky":false,"template":"","format":"standard","meta":{"_acf_changed":false,"footnotes":""},"categories":[23,5],"tags":[],"class_list":["post-2730","post","type-post","status-publish","format-standard","hentry","category-ver_antoniodacolonia","category-vereadores","active"],"acf":[],"_links":{"self":[{"href":"https:\/\/jupi.pe.leg.br\/v3\/wp-json\/wp\/v2\/posts\/2730","targetHints":{"allow":["GET"]}}],"collection":[{"href":"https:\/\/jupi.pe.leg.br\/v3\/wp-json\/wp\/v2\/posts"}],"about":[{"href":"https:\/\/jupi.pe.leg.br\/v3\/wp-json\/wp\/v2\/types\/post"}],"author":[{"embeddable":true,"href":"https:\/\/jupi.pe.leg.br\/v3\/wp-json\/wp\/v2\/users\/2"}],"replies":[{"embeddable":true,"href":"https:\/\/jupi.pe.leg.br\/v3\/wp-json\/wp\/v2\/comments?post=2730"}],"version-history":[{"count":0,"href":"https:\/\/jupi.pe.leg.br\/v3\/wp-json\/wp\/v2\/posts\/2730\/revisions"}],"wp:attachment":[{"href":"https:\/\/jupi.pe.leg.br\/v3\/wp-json\/wp\/v2\/media?parent=2730"}],"wp:term":[{"taxonomy":"category","embeddable":true,"href":"https:\/\/jupi.pe.leg.br\/v3\/wp-json\/wp\/v2\/categories?post=2730"},{"taxonomy":"post_tag","embeddable":true,"href":"https:\/\/jupi.pe.leg.br\/v3\/wp-json\/wp\/v2\/tags?post=2730"}],"curies":[{"name":"wp","href":"https:\/\/api.w.org\/{rel}","templated":true}]}}