{"id":2709,"date":"2024-02-29T14:27:09","date_gmt":"2024-02-29T17:27:09","guid":{"rendered":"https:\/\/jupi.pe.leg.br\/v3\/?p=2709"},"modified":"2024-02-29T14:27:09","modified_gmt":"2024-02-29T17:27:09","slug":"requerimento-no-002-2024","status":"publish","type":"post","link":"https:\/\/jupi.pe.leg.br\/v3\/requerimento-no-002-2024\/","title":{"rendered":"Requerimento n\u00ba. 002 2024"},"content":{"rendered":"<p>Requeiro a Mesa, ouvindo o plen\u00e1rio, e cumprindo as formalidades regimentais, Solicita\u00e7\u00e3o ao Exm\u00ba. Prefeito deste munic\u00edpio, Sr. Ant\u00f4nio Marcos Patriota, por interm\u00e9dio da Secretaria Municipal de Educa\u00e7\u00e3o, veemente apelo, no sentido de que seja atendida a solicita\u00e7\u00e3o abaixo mencionada, j\u00e1 requerida atrav\u00e9s do Requerimento n\u00ba 021\/2023, em favor da Comunidade Escolar que comp\u00f5e a Escola Municipal Ant\u00f4nio Lopes de Ara\u00fajo, localizada no S\u00edtio Pau-Ferro deste munic\u00edpio, sendo reapresentado atrav\u00e9s do presente pleito:<br \/>\nImplanta\u00e7\u00e3o de turmas do 6\u00b0 ao 9\u00b0 anos da 1\u2022 e a 4\u00aa fases da EJA &#8211; Educa\u00e7\u00e3o de Jovens e Adultos do Ensino Fundamental.<\/p>\n","protected":false},"excerpt":{"rendered":"<p>Requeiro a Mesa, ouvindo o plen\u00e1rio, e cumprindo as formalidades regimentais, Solicita\u00e7\u00e3o ao Exm\u00ba. Prefeito deste munic\u00edpio, Sr. Ant\u00f4nio Marcos Patriota, por interm\u00e9dio da Secretaria Municipal de Educa\u00e7\u00e3o, veemente apelo, no sentido de que seja atendida a solicita\u00e7\u00e3o abaixo mencionada, <a class=\"leiamais\" href=\"https:\/\/jupi.pe.leg.br\/v3\/requerimento-no-002-2024\/\">VER MAIS <i class=\"fa-solid fa-chevron-right\"><\/i><\/a><\/p>\n","protected":false},"author":2,"featured_media":0,"comment_status":"open","ping_status":"open","sticky":false,"template":"","format":"standard","meta":{"_acf_changed":false,"footnotes":""},"categories":[23,5],"tags":[],"class_list":["post-2709","post","type-post","status-publish","format-standard","hentry","category-ver_antoniodacolonia","category-vereadores","active"],"acf":[],"_links":{"self":[{"href":"https:\/\/jupi.pe.leg.br\/v3\/wp-json\/wp\/v2\/posts\/2709","targetHints":{"allow":["GET"]}}],"collection":[{"href":"https:\/\/jupi.pe.leg.br\/v3\/wp-json\/wp\/v2\/posts"}],"about":[{"href":"https:\/\/jupi.pe.leg.br\/v3\/wp-json\/wp\/v2\/types\/post"}],"author":[{"embeddable":true,"href":"https:\/\/jupi.pe.leg.br\/v3\/wp-json\/wp\/v2\/users\/2"}],"replies":[{"embeddable":true,"href":"https:\/\/jupi.pe.leg.br\/v3\/wp-json\/wp\/v2\/comments?post=2709"}],"version-history":[{"count":0,"href":"https:\/\/jupi.pe.leg.br\/v3\/wp-json\/wp\/v2\/posts\/2709\/revisions"}],"wp:attachment":[{"href":"https:\/\/jupi.pe.leg.br\/v3\/wp-json\/wp\/v2\/media?parent=2709"}],"wp:term":[{"taxonomy":"category","embeddable":true,"href":"https:\/\/jupi.pe.leg.br\/v3\/wp-json\/wp\/v2\/categories?post=2709"},{"taxonomy":"post_tag","embeddable":true,"href":"https:\/\/jupi.pe.leg.br\/v3\/wp-json\/wp\/v2\/tags?post=2709"}],"curies":[{"name":"wp","href":"https:\/\/api.w.org\/{rel}","templated":true}]}}