{"id":2700,"date":"2024-02-22T16:17:04","date_gmt":"2024-02-22T19:17:04","guid":{"rendered":"https:\/\/jupi.pe.leg.br\/v3\/?p=2700"},"modified":"2024-02-22T16:17:04","modified_gmt":"2024-02-22T19:17:04","slug":"de-volta-a-acao","status":"publish","type":"post","link":"https:\/\/jupi.pe.leg.br\/v3\/de-volta-a-acao\/","title":{"rendered":"De volta \u00e0 a\u00e7\u00e3o!"},"content":{"rendered":"<p>Hoje \u00e9 um dia especial, marcando o retorno das atividades legislativas na C\u00e2mara de Jupi, Casa Zulmiro Guilherme, ano 2024, primeiro per\u00edodo.<\/p>\n<p>Como presidente, exalto o poder legislativo e convido a todos para se juntarem a n\u00f3s nesta jornada de transforma\u00e7\u00e3o e progresso para nossa cidade!<\/p>\n<div style=\"width: 1080px;\" class=\"wp-video\"><video class=\"wp-video-shortcode\" id=\"video-2700-1\" width=\"1080\" height=\"1920\" preload=\"metadata\" controls=\"controls\"><source type=\"video\/mp4\" src=\"https:\/\/jupi.pe.leg.br\/v3\/wp-content\/uploads\/2024\/02\/De-volta-a-acao.mp4?_=1\" \/><a href=\"https:\/\/jupi.pe.leg.br\/v3\/wp-content\/uploads\/2024\/02\/De-volta-a-acao.mp4\">https:\/\/jupi.pe.leg.br\/v3\/wp-content\/uploads\/2024\/02\/De-volta-a-acao.mp4<\/a><\/video><\/div>\n","protected":false},"excerpt":{"rendered":"<p>Hoje \u00e9 um dia especial, marcando o retorno das atividades legislativas na C\u00e2mara de Jupi, Casa Zulmiro Guilherme, ano 2024, primeiro per\u00edodo. Como presidente, exalto o poder legislativo e convido a todos para se juntarem a n\u00f3s nesta jornada de <a class=\"leiamais\" href=\"https:\/\/jupi.pe.leg.br\/v3\/de-volta-a-acao\/\">VER MAIS <i class=\"fa-solid fa-chevron-right\"><\/i><\/a><\/p>\n","protected":false},"author":2,"featured_media":2702,"comment_status":"open","ping_status":"open","sticky":false,"template":"","format":"standard","meta":{"_acf_changed":false,"footnotes":""},"categories":[4],"tags":[],"class_list":["post-2700","post","type-post","status-publish","format-standard","has-post-thumbnail","hentry","category-noticias","active"],"acf":[],"_links":{"self":[{"href":"https:\/\/jupi.pe.leg.br\/v3\/wp-json\/wp\/v2\/posts\/2700","targetHints":{"allow":["GET"]}}],"collection":[{"href":"https:\/\/jupi.pe.leg.br\/v3\/wp-json\/wp\/v2\/posts"}],"about":[{"href":"https:\/\/jupi.pe.leg.br\/v3\/wp-json\/wp\/v2\/types\/post"}],"author":[{"embeddable":true,"href":"https:\/\/jupi.pe.leg.br\/v3\/wp-json\/wp\/v2\/users\/2"}],"replies":[{"embeddable":true,"href":"https:\/\/jupi.pe.leg.br\/v3\/wp-json\/wp\/v2\/comments?post=2700"}],"version-history":[{"count":0,"href":"https:\/\/jupi.pe.leg.br\/v3\/wp-json\/wp\/v2\/posts\/2700\/revisions"}],"wp:featuredmedia":[{"embeddable":true,"href":"https:\/\/jupi.pe.leg.br\/v3\/wp-json\/wp\/v2\/media\/2702"}],"wp:attachment":[{"href":"https:\/\/jupi.pe.leg.br\/v3\/wp-json\/wp\/v2\/media?parent=2700"}],"wp:term":[{"taxonomy":"category","embeddable":true,"href":"https:\/\/jupi.pe.leg.br\/v3\/wp-json\/wp\/v2\/categories?post=2700"},{"taxonomy":"post_tag","embeddable":true,"href":"https:\/\/jupi.pe.leg.br\/v3\/wp-json\/wp\/v2\/tags?post=2700"}],"curies":[{"name":"wp","href":"https:\/\/api.w.org\/{rel}","templated":true}]}}