{"id":2688,"date":"2024-02-22T16:11:44","date_gmt":"2024-02-22T19:11:44","guid":{"rendered":"https:\/\/jupi.pe.leg.br\/v3\/?p=2688"},"modified":"2024-02-22T16:12:34","modified_gmt":"2024-02-22T19:12:34","slug":"celebrando-o-brilhante-ano-da-camara-de-jupi","status":"publish","type":"post","link":"https:\/\/jupi.pe.leg.br\/v3\/celebrando-o-brilhante-ano-da-camara-de-jupi\/","title":{"rendered":"Celebrando o brilhante ano da C\u00e2mara de Jupi!"},"content":{"rendered":"<p>Este foi um per\u00edodo de conquistas incr\u00edveis, com a aprova\u00e7\u00e3o de diversos projetos de lei, indica\u00e7\u00f5es e requerimentos que moldaram o cen\u00e1rio atual da nossa querida cidade. \u00a0Essas decis\u00f5es n\u00e3o apenas refletem a vis\u00e3o proativa da C\u00e2mara Legislativa, mas tamb\u00e9m sinalizam um futuro promissor para Jupi.<\/p>\n<p>Ao olharmos para tr\u00e1s, vemos um trabalho \u00e1rduo e dedicado, resultando em realiza\u00e7\u00f5es not\u00e1veis que impactaram positivamente a comunidade.\u00a0 A voz do povo foi ouvida, e a c\u00e2mara respondeu com a\u00e7\u00e3o, mostrando que juntos podemos construir um amanh\u00e3 ainda mais brilhante e inclusivo.<\/p>\n<p>Que essas iniciativas sirvam de inspira\u00e7\u00e3o para continuarmos avan\u00e7ando, unindo esfor\u00e7os e construindo um Jupi cada vez mais forte, vibrante e pr\u00f3spero!<\/p>\n<p>&nbsp;<\/p>\n<p><img loading=\"lazy\" decoding=\"async\" width=\"676\" height=\"818\" class=\"img-fluid aligncenter size-full wp-image-2698\" src=\"https:\/\/jupi.pe.leg.br\/v3\/wp-content\/uploads\/2024\/02\/retro-1.png\" alt=\"\" data-wp-pid=\"2698\" srcset=\"https:\/\/jupi.pe.leg.br\/v3\/wp-content\/uploads\/2024\/02\/retro-1.png 676w, https:\/\/jupi.pe.leg.br\/v3\/wp-content\/uploads\/2024\/02\/retro-1-248x300.png 248w\" sizes=\"auto, (max-width: 676px) 100vw, 676px\" \/><img loading=\"lazy\" decoding=\"async\" class=\"img-fluid aligncenter wp-image-2697\" src=\"https:\/\/jupi.pe.leg.br\/v3\/wp-content\/uploads\/2024\/02\/retro-2.png\" alt=\"\" width=\"674\" height=\"914\" data-wp-pid=\"2697\" srcset=\"https:\/\/jupi.pe.leg.br\/v3\/wp-content\/uploads\/2024\/02\/retro-2.png 635w, https:\/\/jupi.pe.leg.br\/v3\/wp-content\/uploads\/2024\/02\/retro-2-221x300.png 221w\" sizes=\"auto, (max-width: 674px) 100vw, 674px\" \/><img loading=\"lazy\" decoding=\"async\" class=\"img-fluid aligncenter wp-image-2696\" src=\"https:\/\/jupi.pe.leg.br\/v3\/wp-content\/uploads\/2024\/02\/retro-3.png\" alt=\"\" width=\"676\" height=\"896\" data-wp-pid=\"2696\" srcset=\"https:\/\/jupi.pe.leg.br\/v3\/wp-content\/uploads\/2024\/02\/retro-3.png 646w, https:\/\/jupi.pe.leg.br\/v3\/wp-content\/uploads\/2024\/02\/retro-3-226x300.png 226w\" sizes=\"auto, (max-width: 676px) 100vw, 676px\" \/><img loading=\"lazy\" decoding=\"async\" class=\"img-fluid aligncenter wp-image-2695\" src=\"https:\/\/jupi.pe.leg.br\/v3\/wp-content\/uploads\/2024\/02\/retro-4.png\" alt=\"\" width=\"676\" height=\"961\" data-wp-pid=\"2695\" srcset=\"https:\/\/jupi.pe.leg.br\/v3\/wp-content\/uploads\/2024\/02\/retro-4.png 598w, https:\/\/jupi.pe.leg.br\/v3\/wp-content\/uploads\/2024\/02\/retro-4-211x300.png 211w\" sizes=\"auto, (max-width: 676px) 100vw, 676px\" \/><img loading=\"lazy\" decoding=\"async\" class=\"img-fluid aligncenter wp-image-2694\" src=\"https:\/\/jupi.pe.leg.br\/v3\/wp-content\/uploads\/2024\/02\/retro-5.png\" alt=\"\" width=\"676\" height=\"907\" data-wp-pid=\"2694\" srcset=\"https:\/\/jupi.pe.leg.br\/v3\/wp-content\/uploads\/2024\/02\/retro-5.png 630w, https:\/\/jupi.pe.leg.br\/v3\/wp-content\/uploads\/2024\/02\/retro-5-223x300.png 223w\" sizes=\"auto, (max-width: 676px) 100vw, 676px\" \/><img loading=\"lazy\" decoding=\"async\" class=\"img-fluid aligncenter wp-image-2693\" src=\"https:\/\/jupi.pe.leg.br\/v3\/wp-content\/uploads\/2024\/02\/retro-6.png\" alt=\"\" width=\"675\" height=\"921\" data-wp-pid=\"2693\" srcset=\"https:\/\/jupi.pe.leg.br\/v3\/wp-content\/uploads\/2024\/02\/retro-6.png 631w, https:\/\/jupi.pe.leg.br\/v3\/wp-content\/uploads\/2024\/02\/retro-6-220x300.png 220w\" sizes=\"auto, (max-width: 675px) 100vw, 675px\" \/><img loading=\"lazy\" decoding=\"async\" class=\"img-fluid aligncenter wp-image-2692\" src=\"https:\/\/jupi.pe.leg.br\/v3\/wp-content\/uploads\/2024\/02\/retro-7.png\" alt=\"\" width=\"676\" height=\"934\" data-wp-pid=\"2692\" srcset=\"https:\/\/jupi.pe.leg.br\/v3\/wp-content\/uploads\/2024\/02\/retro-7.png 615w, https:\/\/jupi.pe.leg.br\/v3\/wp-content\/uploads\/2024\/02\/retro-7-217x300.png 217w\" sizes=\"auto, (max-width: 676px) 100vw, 676px\" \/><img loading=\"lazy\" decoding=\"async\" class=\"img-fluid aligncenter wp-image-2691\" src=\"https:\/\/jupi.pe.leg.br\/v3\/wp-content\/uploads\/2024\/02\/retro-8.png\" alt=\"\" width=\"674\" height=\"922\" data-wp-pid=\"2691\" srcset=\"https:\/\/jupi.pe.leg.br\/v3\/wp-content\/uploads\/2024\/02\/retro-8.png 625w, https:\/\/jupi.pe.leg.br\/v3\/wp-content\/uploads\/2024\/02\/retro-8-219x300.png 219w\" sizes=\"auto, (max-width: 674px) 100vw, 674px\" \/><img loading=\"lazy\" decoding=\"async\" class=\"img-fluid aligncenter wp-image-2690\" src=\"https:\/\/jupi.pe.leg.br\/v3\/wp-content\/uploads\/2024\/02\/retro-9.png\" alt=\"\" width=\"677\" height=\"925\" data-wp-pid=\"2690\" srcset=\"https:\/\/jupi.pe.leg.br\/v3\/wp-content\/uploads\/2024\/02\/retro-9.png 626w, https:\/\/jupi.pe.leg.br\/v3\/wp-content\/uploads\/2024\/02\/retro-9-219x300.png 219w\" sizes=\"auto, (max-width: 677px) 100vw, 677px\" \/><img loading=\"lazy\" decoding=\"async\" class=\"img-fluid aligncenter wp-image-2689\" src=\"https:\/\/jupi.pe.leg.br\/v3\/wp-content\/uploads\/2024\/02\/retro-10.png\" alt=\"\" width=\"675\" height=\"870\" data-wp-pid=\"2689\" srcset=\"https:\/\/jupi.pe.leg.br\/v3\/wp-content\/uploads\/2024\/02\/retro-10.png 670w, https:\/\/jupi.pe.leg.br\/v3\/wp-content\/uploads\/2024\/02\/retro-10-233x300.png 233w\" sizes=\"auto, (max-width: 675px) 100vw, 675px\" \/><\/p>\n","protected":false},"excerpt":{"rendered":"<p>Este foi um per\u00edodo de conquistas incr\u00edveis, com a aprova\u00e7\u00e3o de diversos projetos de lei, indica\u00e7\u00f5es e requerimentos que moldaram o cen\u00e1rio atual da nossa querida cidade. \u00a0Essas decis\u00f5es n\u00e3o apenas refletem a vis\u00e3o proativa da C\u00e2mara Legislativa, mas tamb\u00e9m <a class=\"leiamais\" href=\"https:\/\/jupi.pe.leg.br\/v3\/celebrando-o-brilhante-ano-da-camara-de-jupi\/\">VER MAIS <i class=\"fa-solid fa-chevron-right\"><\/i><\/a><\/p>\n","protected":false},"author":2,"featured_media":2698,"comment_status":"open","ping_status":"open","sticky":false,"template":"","format":"standard","meta":{"_acf_changed":false,"footnotes":""},"categories":[4],"tags":[],"class_list":["post-2688","post","type-post","status-publish","format-standard","has-post-thumbnail","hentry","category-noticias","active"],"acf":[],"_links":{"self":[{"href":"https:\/\/jupi.pe.leg.br\/v3\/wp-json\/wp\/v2\/posts\/2688","targetHints":{"allow":["GET"]}}],"collection":[{"href":"https:\/\/jupi.pe.leg.br\/v3\/wp-json\/wp\/v2\/posts"}],"about":[{"href":"https:\/\/jupi.pe.leg.br\/v3\/wp-json\/wp\/v2\/types\/post"}],"author":[{"embeddable":true,"href":"https:\/\/jupi.pe.leg.br\/v3\/wp-json\/wp\/v2\/users\/2"}],"replies":[{"embeddable":true,"href":"https:\/\/jupi.pe.leg.br\/v3\/wp-json\/wp\/v2\/comments?post=2688"}],"version-history":[{"count":0,"href":"https:\/\/jupi.pe.leg.br\/v3\/wp-json\/wp\/v2\/posts\/2688\/revisions"}],"wp:featuredmedia":[{"embeddable":true,"href":"https:\/\/jupi.pe.leg.br\/v3\/wp-json\/wp\/v2\/media\/2698"}],"wp:attachment":[{"href":"https:\/\/jupi.pe.leg.br\/v3\/wp-json\/wp\/v2\/media?parent=2688"}],"wp:term":[{"taxonomy":"category","embeddable":true,"href":"https:\/\/jupi.pe.leg.br\/v3\/wp-json\/wp\/v2\/categories?post=2688"},{"taxonomy":"post_tag","embeddable":true,"href":"https:\/\/jupi.pe.leg.br\/v3\/wp-json\/wp\/v2\/tags?post=2688"}],"curies":[{"name":"wp","href":"https:\/\/api.w.org\/{rel}","templated":true}]}}