{"id":2672,"date":"2024-02-22T15:41:17","date_gmt":"2024-02-22T18:41:17","guid":{"rendered":"https:\/\/jupi.pe.leg.br\/v3\/?p=2672"},"modified":"2024-02-22T15:41:17","modified_gmt":"2024-02-22T18:41:17","slug":"celebrando-juntos-a-ultima-sessao-solene-da-camara-legislativa-municipal-de-jupi","status":"publish","type":"post","link":"https:\/\/jupi.pe.leg.br\/v3\/celebrando-juntos-a-ultima-sessao-solene-da-camara-legislativa-municipal-de-jupi\/","title":{"rendered":"Celebrando juntos a \u00faltima sess\u00e3o solene da C\u00e2mara Legislativa Municipal de Jupi!"},"content":{"rendered":"<p>Momento especial e cheio de positividade. Unidos para construir um futuro brilhante!<\/p>\n<div style=\"width: 1080px;\" class=\"wp-video\"><video class=\"wp-video-shortcode\" id=\"video-2672-1\" width=\"1080\" height=\"1920\" preload=\"metadata\" controls=\"controls\"><source type=\"video\/mp4\" src=\"https:\/\/jupi.pe.leg.br\/v3\/wp-content\/uploads\/2024\/02\/Celebrando-juntos-a-ultima-sessao-solene-da-Camara-Legislativa-Municipal-de-Jupi.mp4?_=1\" \/><a href=\"https:\/\/jupi.pe.leg.br\/v3\/wp-content\/uploads\/2024\/02\/Celebrando-juntos-a-ultima-sessao-solene-da-Camara-Legislativa-Municipal-de-Jupi.mp4\">https:\/\/jupi.pe.leg.br\/v3\/wp-content\/uploads\/2024\/02\/Celebrando-juntos-a-ultima-sessao-solene-da-Camara-Legislativa-Municipal-de-Jupi.mp4<\/a><\/video><\/div>\n","protected":false},"excerpt":{"rendered":"<p>Momento especial e cheio de positividade. Unidos para construir um futuro brilhante!<\/p>\n","protected":false},"author":2,"featured_media":2674,"comment_status":"open","ping_status":"open","sticky":false,"template":"","format":"standard","meta":{"_acf_changed":false,"footnotes":""},"categories":[4],"tags":[],"class_list":["post-2672","post","type-post","status-publish","format-standard","has-post-thumbnail","hentry","category-noticias","active"],"acf":[],"_links":{"self":[{"href":"https:\/\/jupi.pe.leg.br\/v3\/wp-json\/wp\/v2\/posts\/2672","targetHints":{"allow":["GET"]}}],"collection":[{"href":"https:\/\/jupi.pe.leg.br\/v3\/wp-json\/wp\/v2\/posts"}],"about":[{"href":"https:\/\/jupi.pe.leg.br\/v3\/wp-json\/wp\/v2\/types\/post"}],"author":[{"embeddable":true,"href":"https:\/\/jupi.pe.leg.br\/v3\/wp-json\/wp\/v2\/users\/2"}],"replies":[{"embeddable":true,"href":"https:\/\/jupi.pe.leg.br\/v3\/wp-json\/wp\/v2\/comments?post=2672"}],"version-history":[{"count":0,"href":"https:\/\/jupi.pe.leg.br\/v3\/wp-json\/wp\/v2\/posts\/2672\/revisions"}],"wp:featuredmedia":[{"embeddable":true,"href":"https:\/\/jupi.pe.leg.br\/v3\/wp-json\/wp\/v2\/media\/2674"}],"wp:attachment":[{"href":"https:\/\/jupi.pe.leg.br\/v3\/wp-json\/wp\/v2\/media?parent=2672"}],"wp:term":[{"taxonomy":"category","embeddable":true,"href":"https:\/\/jupi.pe.leg.br\/v3\/wp-json\/wp\/v2\/categories?post=2672"},{"taxonomy":"post_tag","embeddable":true,"href":"https:\/\/jupi.pe.leg.br\/v3\/wp-json\/wp\/v2\/tags?post=2672"}],"curies":[{"name":"wp","href":"https:\/\/api.w.org\/{rel}","templated":true}]}}