{"id":2668,"date":"2024-02-22T15:36:13","date_gmt":"2024-02-22T18:36:13","guid":{"rendered":"https:\/\/jupi.pe.leg.br\/v3\/?p=2668"},"modified":"2024-02-22T15:36:13","modified_gmt":"2024-02-22T18:36:13","slug":"hoje-celebramos-uma-vitoria-para-a-seguranca-de-nossa-comunidade","status":"publish","type":"post","link":"https:\/\/jupi.pe.leg.br\/v3\/hoje-celebramos-uma-vitoria-para-a-seguranca-de-nossa-comunidade\/","title":{"rendered":"Hoje celebramos uma vit\u00f3ria para a seguran\u00e7a de nossa comunidade!"},"content":{"rendered":"<p>A C\u00e2mara de Jupi aprovou por unanimidade o Requerimento n\u00b0 154\/2023, que pede ao Prefeito Ant\u00f4nio Marcos Patriota a constru\u00e7\u00e3o de um quebra-molas no cruzamento do s\u00edtio Tapera, proporcionando mais tranquilidade aos moradores do Povoado Santa Rita.<\/p>\n<p><a class=\"x1i10hfl xjbqb8w x1ejq31n xd10rxx x1sy0etr x17r0tee x972fbf xcfux6l x1qhh985 xm0m39n x9f619 x1ypdohk xt0psk2 xe8uvvx xdj266r x11i5rnm xat24cr x1mh8g0r xexx8yu x4uap5 x18d9i69 xkhd6sd x16tdsg8 x1hl2dhg xggy1nq x1a2a7pz  _aa9_ _a6hd\" tabindex=\"0\" role=\"link\" href=\"https:\/\/www.instagram.com\/explore\/tags\/compromissocomvoc%C3%AA\/\">#CompromissoComVoc\u00ea<\/a>: Nosso compromisso \u00e9 com a seguran\u00e7a e o bem-estar de cada cidad\u00e3o de Jupi! \u00a0O Vereador Paulo C\u00e9sar Cordeiro Vilela, autor do requerimento, expressa sua gratid\u00e3o pela aprova\u00e7\u00e3o un\u00e2nime, destacando a import\u00e2ncia de transformar preocupa\u00e7\u00f5es em a\u00e7\u00f5es efetivas. Estamos todos unidos por uma causa nobre!<\/p>\n<p><a class=\"x1i10hfl xjbqb8w x1ejq31n xd10rxx x1sy0etr x17r0tee x972fbf xcfux6l x1qhh985 xm0m39n x9f619 x1ypdohk xt0psk2 xe8uvvx xdj266r x11i5rnm xat24cr x1mh8g0r xexx8yu x4uap5 x18d9i69 xkhd6sd x16tdsg8 x1hl2dhg xggy1nq x1a2a7pz  _aa9_ _a6hd\" tabindex=\"0\" role=\"link\" href=\"https:\/\/www.instagram.com\/explore\/tags\/juntosporjupi\/\">#JuntosPorJupi<\/a>: Agora, mais do que nunca, precisamos do apoio de cada um de voc\u00eas para tornar essa iniciativa uma realidade! \u00a0Vamos juntos construir um futuro mais seguro, onde a vida e a felicidade de nossa comunidade sejam sempre prioridade.<\/p>\n<p><img loading=\"lazy\" decoding=\"async\" width=\"662\" height=\"833\" class=\"img-fluid aligncenter size-full wp-image-2669\" src=\"https:\/\/jupi.pe.leg.br\/v3\/wp-content\/uploads\/2024\/02\/paulo-jupi2.png\" alt=\"\" data-wp-pid=\"2669\" srcset=\"https:\/\/jupi.pe.leg.br\/v3\/wp-content\/uploads\/2024\/02\/paulo-jupi2.png 662w, https:\/\/jupi.pe.leg.br\/v3\/wp-content\/uploads\/2024\/02\/paulo-jupi2-238x300.png 238w\" sizes=\"auto, (max-width: 662px) 100vw, 662px\" \/> <img loading=\"lazy\" decoding=\"async\" width=\"663\" height=\"863\" class=\"img-fluid aligncenter size-full wp-image-2670\" src=\"https:\/\/jupi.pe.leg.br\/v3\/wp-content\/uploads\/2024\/02\/paulo-jupi1.png\" alt=\"\" data-wp-pid=\"2670\" srcset=\"https:\/\/jupi.pe.leg.br\/v3\/wp-content\/uploads\/2024\/02\/paulo-jupi1.png 663w, https:\/\/jupi.pe.leg.br\/v3\/wp-content\/uploads\/2024\/02\/paulo-jupi1-230x300.png 230w\" sizes=\"auto, (max-width: 663px) 100vw, 663px\" \/><\/p>\n","protected":false},"excerpt":{"rendered":"<p>A C\u00e2mara de Jupi aprovou por unanimidade o Requerimento n\u00b0 154\/2023, que pede ao Prefeito Ant\u00f4nio Marcos Patriota a constru\u00e7\u00e3o de um quebra-molas no cruzamento do s\u00edtio Tapera, proporcionando mais tranquilidade aos moradores do Povoado Santa Rita. #CompromissoComVoc\u00ea: Nosso compromisso <a class=\"leiamais\" href=\"https:\/\/jupi.pe.leg.br\/v3\/hoje-celebramos-uma-vitoria-para-a-seguranca-de-nossa-comunidade\/\">VER MAIS <i class=\"fa-solid fa-chevron-right\"><\/i><\/a><\/p>\n","protected":false},"author":2,"featured_media":2669,"comment_status":"open","ping_status":"open","sticky":false,"template":"","format":"standard","meta":{"_acf_changed":false,"footnotes":""},"categories":[4],"tags":[],"class_list":["post-2668","post","type-post","status-publish","format-standard","has-post-thumbnail","hentry","category-noticias","active"],"acf":[],"_links":{"self":[{"href":"https:\/\/jupi.pe.leg.br\/v3\/wp-json\/wp\/v2\/posts\/2668","targetHints":{"allow":["GET"]}}],"collection":[{"href":"https:\/\/jupi.pe.leg.br\/v3\/wp-json\/wp\/v2\/posts"}],"about":[{"href":"https:\/\/jupi.pe.leg.br\/v3\/wp-json\/wp\/v2\/types\/post"}],"author":[{"embeddable":true,"href":"https:\/\/jupi.pe.leg.br\/v3\/wp-json\/wp\/v2\/users\/2"}],"replies":[{"embeddable":true,"href":"https:\/\/jupi.pe.leg.br\/v3\/wp-json\/wp\/v2\/comments?post=2668"}],"version-history":[{"count":0,"href":"https:\/\/jupi.pe.leg.br\/v3\/wp-json\/wp\/v2\/posts\/2668\/revisions"}],"wp:featuredmedia":[{"embeddable":true,"href":"https:\/\/jupi.pe.leg.br\/v3\/wp-json\/wp\/v2\/media\/2669"}],"wp:attachment":[{"href":"https:\/\/jupi.pe.leg.br\/v3\/wp-json\/wp\/v2\/media?parent=2668"}],"wp:term":[{"taxonomy":"category","embeddable":true,"href":"https:\/\/jupi.pe.leg.br\/v3\/wp-json\/wp\/v2\/categories?post=2668"},{"taxonomy":"post_tag","embeddable":true,"href":"https:\/\/jupi.pe.leg.br\/v3\/wp-json\/wp\/v2\/tags?post=2668"}],"curies":[{"name":"wp","href":"https:\/\/api.w.org\/{rel}","templated":true}]}}