{"id":2664,"date":"2024-02-22T15:30:03","date_gmt":"2024-02-22T18:30:03","guid":{"rendered":"https:\/\/jupi.pe.leg.br\/v3\/?p=2664"},"modified":"2024-02-22T15:30:03","modified_gmt":"2024-02-22T18:30:03","slug":"acao-pela-vida-em-santa-rita","status":"publish","type":"post","link":"https:\/\/jupi.pe.leg.br\/v3\/acao-pela-vida-em-santa-rita\/","title":{"rendered":"A\u00e7\u00e3o Pela Vida em Santa Rita!"},"content":{"rendered":"<p>Hoje celebramos a iniciativa corajosa do Vereador Ant\u00f4nio Liberato Sobrinho, que, com sua vis\u00e3o atenta, prop\u00f4s o Requerimento N\u00b0. 157\/2023. Sua paix\u00e3o pela seguran\u00e7a e bem-estar da comunidade de Santa Rita \u00e9 inspiradora!<\/p>\n<p>Guardi\u00f5es da Travessia! \u00a0Este requerimento clama por uma mudan\u00e7a vital na Passagem Molhada pr\u00f3xima ao Rio da Chata. Com a proposta de uma mureta, monitoramento e ilumina\u00e7\u00e3o, buscamos n\u00e3o apenas seguran\u00e7a, mas um s\u00edmbolo de prote\u00e7\u00e3o para cada cidad\u00e3o que atravessa esse caminho diariamente. Juntos, constru\u00edmos pontes para um futuro mais seguro!<\/p>\n<p>Unidos Pela Vida! \u00a0Vamos apoiar essa causa! Compartilhe, comente e envie seu apoio ao Vereador Ant\u00f4nio Liberato Sobrinho. Juntos, podemos construir uma Santa Rita mais segura e iluminada para todos!<\/p>\n<p><img loading=\"lazy\" decoding=\"async\" width=\"663\" height=\"822\" class=\"img-fluid aligncenter size-full wp-image-2666\" src=\"https:\/\/jupi.pe.leg.br\/v3\/wp-content\/uploads\/2024\/02\/toin-liberato-1.png\" alt=\"\" data-wp-pid=\"2666\" srcset=\"https:\/\/jupi.pe.leg.br\/v3\/wp-content\/uploads\/2024\/02\/toin-liberato-1.png 663w, https:\/\/jupi.pe.leg.br\/v3\/wp-content\/uploads\/2024\/02\/toin-liberato-1-242x300.png 242w\" sizes=\"auto, (max-width: 663px) 100vw, 663px\" \/><img loading=\"lazy\" decoding=\"async\" class=\"img-fluid aligncenter  wp-image-2665\" src=\"https:\/\/jupi.pe.leg.br\/v3\/wp-content\/uploads\/2024\/02\/toin-liberato-2.png\" alt=\"\" width=\"665\" height=\"869\" data-wp-pid=\"2665\" srcset=\"https:\/\/jupi.pe.leg.br\/v3\/wp-content\/uploads\/2024\/02\/toin-liberato-2.png 658w, https:\/\/jupi.pe.leg.br\/v3\/wp-content\/uploads\/2024\/02\/toin-liberato-2-230x300.png 230w\" sizes=\"auto, (max-width: 665px) 100vw, 665px\" \/><\/p>\n","protected":false},"excerpt":{"rendered":"<p>Hoje celebramos a iniciativa corajosa do Vereador Ant\u00f4nio Liberato Sobrinho, que, com sua vis\u00e3o atenta, prop\u00f4s o Requerimento N\u00b0. 157\/2023. Sua paix\u00e3o pela seguran\u00e7a e bem-estar da comunidade de Santa Rita \u00e9 inspiradora! Guardi\u00f5es da Travessia! \u00a0Este requerimento clama por <a class=\"leiamais\" href=\"https:\/\/jupi.pe.leg.br\/v3\/acao-pela-vida-em-santa-rita\/\">VER MAIS <i class=\"fa-solid fa-chevron-right\"><\/i><\/a><\/p>\n","protected":false},"author":2,"featured_media":2666,"comment_status":"open","ping_status":"open","sticky":false,"template":"","format":"standard","meta":{"_acf_changed":false,"footnotes":""},"categories":[4],"tags":[],"class_list":["post-2664","post","type-post","status-publish","format-standard","has-post-thumbnail","hentry","category-noticias","active"],"acf":[],"_links":{"self":[{"href":"https:\/\/jupi.pe.leg.br\/v3\/wp-json\/wp\/v2\/posts\/2664","targetHints":{"allow":["GET"]}}],"collection":[{"href":"https:\/\/jupi.pe.leg.br\/v3\/wp-json\/wp\/v2\/posts"}],"about":[{"href":"https:\/\/jupi.pe.leg.br\/v3\/wp-json\/wp\/v2\/types\/post"}],"author":[{"embeddable":true,"href":"https:\/\/jupi.pe.leg.br\/v3\/wp-json\/wp\/v2\/users\/2"}],"replies":[{"embeddable":true,"href":"https:\/\/jupi.pe.leg.br\/v3\/wp-json\/wp\/v2\/comments?post=2664"}],"version-history":[{"count":0,"href":"https:\/\/jupi.pe.leg.br\/v3\/wp-json\/wp\/v2\/posts\/2664\/revisions"}],"wp:featuredmedia":[{"embeddable":true,"href":"https:\/\/jupi.pe.leg.br\/v3\/wp-json\/wp\/v2\/media\/2666"}],"wp:attachment":[{"href":"https:\/\/jupi.pe.leg.br\/v3\/wp-json\/wp\/v2\/media?parent=2664"}],"wp:term":[{"taxonomy":"category","embeddable":true,"href":"https:\/\/jupi.pe.leg.br\/v3\/wp-json\/wp\/v2\/categories?post=2664"},{"taxonomy":"post_tag","embeddable":true,"href":"https:\/\/jupi.pe.leg.br\/v3\/wp-json\/wp\/v2\/tags?post=2664"}],"curies":[{"name":"wp","href":"https:\/\/api.w.org\/{rel}","templated":true}]}}