{"id":2660,"date":"2024-02-22T15:23:50","date_gmt":"2024-02-22T18:23:50","guid":{"rendered":"https:\/\/jupi.pe.leg.br\/v3\/?p=2660"},"modified":"2024-02-22T15:23:50","modified_gmt":"2024-02-22T18:23:50","slug":"o-vereador-fabio-da-raposa-em-mais-um-gesto-de-comprometimento-e-prazer-de-ajudar-a-populacao-jupiense","status":"publish","type":"post","link":"https:\/\/jupi.pe.leg.br\/v3\/o-vereador-fabio-da-raposa-em-mais-um-gesto-de-comprometimento-e-prazer-de-ajudar-a-populacao-jupiense\/","title":{"rendered":"O Vereador F\u00e1bio da Raposa em Mais um Gesto de Comprometimento e Prazer de Ajudar a Popula\u00e7\u00e3o JUPIENSE!"},"content":{"rendered":"<p>Em um gesto de comprometimento com o progresso de Jupi, o Vereador F\u00e1bio da Raposa apresenta com entusiasmo o Requerimento N\u00b0. 164\/2023. Neste documento, expressamos um apelo vigoroso ao Exmo. Prefeito Ant\u00f4nio Marcos Patriota para a realiza\u00e7\u00e3o de melhorias cruciais na estrada que conecta nossa querida cidade ao S\u00edtio Raposa.<\/p>\n<p>Atrav\u00e9s da Secretaria Municipal de Estradas, Rodagens e Ilumina\u00e7\u00e3o, solicitamos com determina\u00e7\u00e3o o alargamento desta via, visando aprimorar a mobilidade e a conectividade entre essas localidades. Acreditamos que investir na infraestrutura \u00e9 pavimentar o caminho para o desenvolvimento e bem-estar de todos os cidad\u00e3os jupienses.<\/p>\n<p>Al\u00e9m do alargamento da estrada, dirigimos um pedido especial para a constru\u00e7\u00e3o de novas cercas de forma gratuita aos propriet\u00e1rios que circundam esse trajeto. Este \u00e9 um esfor\u00e7o conjunto para embelezar e tornar mais segura a regi\u00e3o, promovendo um ambiente acolhedor e pr\u00f3spero para todos. Juntos, vamos construir um futuro melhor para Jupi!<\/p>\n<div style=\"width: 1080px;\" class=\"wp-video\"><video class=\"wp-video-shortcode\" id=\"video-2660-1\" width=\"1080\" height=\"1920\" preload=\"metadata\" controls=\"controls\"><source type=\"video\/mp4\" src=\"https:\/\/jupi.pe.leg.br\/v3\/wp-content\/uploads\/2024\/02\/Em-um-gesto-de-comprometimento-com-o-progresso-de-Jupi-o-Vereador-Fabio-da-Raposa-apresenta-o-Requerimento-N-164-2023.mp4?_=1\" \/><a href=\"https:\/\/jupi.pe.leg.br\/v3\/wp-content\/uploads\/2024\/02\/Em-um-gesto-de-comprometimento-com-o-progresso-de-Jupi-o-Vereador-Fabio-da-Raposa-apresenta-o-Requerimento-N-164-2023.mp4\">https:\/\/jupi.pe.leg.br\/v3\/wp-content\/uploads\/2024\/02\/Em-um-gesto-de-comprometimento-com-o-progresso-de-Jupi-o-Vereador-Fabio-da-Raposa-apresenta-o-Requerimento-N-164-2023.mp4<\/a><\/video><\/div>\n<p>&nbsp;<\/p>\n","protected":false},"excerpt":{"rendered":"<p>Em um gesto de comprometimento com o progresso de Jupi, o Vereador F\u00e1bio da Raposa apresenta com entusiasmo o Requerimento N\u00b0. 164\/2023. Neste documento, expressamos um apelo vigoroso ao Exmo. Prefeito Ant\u00f4nio Marcos Patriota para a realiza\u00e7\u00e3o de melhorias cruciais <a class=\"leiamais\" href=\"https:\/\/jupi.pe.leg.br\/v3\/o-vereador-fabio-da-raposa-em-mais-um-gesto-de-comprometimento-e-prazer-de-ajudar-a-populacao-jupiense\/\">VER MAIS <i class=\"fa-solid fa-chevron-right\"><\/i><\/a><\/p>\n","protected":false},"author":2,"featured_media":2662,"comment_status":"open","ping_status":"open","sticky":false,"template":"","format":"standard","meta":{"_acf_changed":false,"footnotes":""},"categories":[4],"tags":[],"class_list":["post-2660","post","type-post","status-publish","format-standard","has-post-thumbnail","hentry","category-noticias","active"],"acf":[],"_links":{"self":[{"href":"https:\/\/jupi.pe.leg.br\/v3\/wp-json\/wp\/v2\/posts\/2660","targetHints":{"allow":["GET"]}}],"collection":[{"href":"https:\/\/jupi.pe.leg.br\/v3\/wp-json\/wp\/v2\/posts"}],"about":[{"href":"https:\/\/jupi.pe.leg.br\/v3\/wp-json\/wp\/v2\/types\/post"}],"author":[{"embeddable":true,"href":"https:\/\/jupi.pe.leg.br\/v3\/wp-json\/wp\/v2\/users\/2"}],"replies":[{"embeddable":true,"href":"https:\/\/jupi.pe.leg.br\/v3\/wp-json\/wp\/v2\/comments?post=2660"}],"version-history":[{"count":0,"href":"https:\/\/jupi.pe.leg.br\/v3\/wp-json\/wp\/v2\/posts\/2660\/revisions"}],"wp:featuredmedia":[{"embeddable":true,"href":"https:\/\/jupi.pe.leg.br\/v3\/wp-json\/wp\/v2\/media\/2662"}],"wp:attachment":[{"href":"https:\/\/jupi.pe.leg.br\/v3\/wp-json\/wp\/v2\/media?parent=2660"}],"wp:term":[{"taxonomy":"category","embeddable":true,"href":"https:\/\/jupi.pe.leg.br\/v3\/wp-json\/wp\/v2\/categories?post=2660"},{"taxonomy":"post_tag","embeddable":true,"href":"https:\/\/jupi.pe.leg.br\/v3\/wp-json\/wp\/v2\/tags?post=2660"}],"curies":[{"name":"wp","href":"https:\/\/api.w.org\/{rel}","templated":true}]}}