{"id":2655,"date":"2024-02-22T15:14:13","date_gmt":"2024-02-22T18:14:13","guid":{"rendered":"https:\/\/jupi.pe.leg.br\/v3\/?p=2655"},"modified":"2024-02-22T15:14:13","modified_gmt":"2024-02-22T18:14:13","slug":"na-ultima-semana-vivenciamos-mais-um-periodo-dedicado-ao-aprimoramento-profissional","status":"publish","type":"post","link":"https:\/\/jupi.pe.leg.br\/v3\/na-ultima-semana-vivenciamos-mais-um-periodo-dedicado-ao-aprimoramento-profissional\/","title":{"rendered":"Na \u00faltima semana, vivenciamos mais um per\u00edodo dedicado ao aprimoramento profissional!"},"content":{"rendered":"<p>Nossos servidores foram protagonistas em um curso introdut\u00f3rio sobre pr\u00e1ticas legislativas e comunica\u00e7\u00e3o pol\u00edtica, voltado para o aprimoramento no assessoramento<\/p>\n<p>O Advogado Dr. Lucas Cavalcante e o Consultor de Comunica\u00e7\u00e3o Mateus Fernandes, juntamente com a especialista em m\u00eddias sociais, Camila Queiroz, proporcionaram esta valiosa experi\u00eancia<\/p>\n<p>A \u00eanfase do Vereador L\u00eadson Liberato, presidente da c\u00e2mara, em valorizar e formar nossos servidores e vereadores tem sido uma marca distintiva<\/p>\n<p>Melhor forma\u00e7\u00e3o para um servi\u00e7o de excel\u00eancia<\/p>\n<div style=\"width: 1080px;\" class=\"wp-video\"><video class=\"wp-video-shortcode\" id=\"video-2655-1\" width=\"1080\" height=\"1920\" preload=\"metadata\" controls=\"controls\"><source type=\"video\/mp4\" src=\"https:\/\/jupi.pe.leg.br\/v3\/wp-content\/uploads\/2024\/02\/Na-ultima-semana-vivenciamos-mais-um-periodo-dedicado-ao-aprimoramento-profissional-1.mp4?_=1\" \/><a href=\"https:\/\/jupi.pe.leg.br\/v3\/wp-content\/uploads\/2024\/02\/Na-ultima-semana-vivenciamos-mais-um-periodo-dedicado-ao-aprimoramento-profissional-1.mp4\">https:\/\/jupi.pe.leg.br\/v3\/wp-content\/uploads\/2024\/02\/Na-ultima-semana-vivenciamos-mais-um-periodo-dedicado-ao-aprimoramento-profissional-1.mp4<\/a><\/video><\/div>\n","protected":false},"excerpt":{"rendered":"<p>Nossos servidores foram protagonistas em um curso introdut\u00f3rio sobre pr\u00e1ticas legislativas e comunica\u00e7\u00e3o pol\u00edtica, voltado para o aprimoramento no assessoramento O Advogado Dr. Lucas Cavalcante e o Consultor de Comunica\u00e7\u00e3o Mateus Fernandes, juntamente com a especialista em m\u00eddias sociais, Camila <a class=\"leiamais\" href=\"https:\/\/jupi.pe.leg.br\/v3\/na-ultima-semana-vivenciamos-mais-um-periodo-dedicado-ao-aprimoramento-profissional\/\">VER MAIS <i class=\"fa-solid fa-chevron-right\"><\/i><\/a><\/p>\n","protected":false},"author":2,"featured_media":2658,"comment_status":"open","ping_status":"open","sticky":false,"template":"","format":"standard","meta":{"_acf_changed":false,"footnotes":""},"categories":[4],"tags":[],"class_list":["post-2655","post","type-post","status-publish","format-standard","has-post-thumbnail","hentry","category-noticias","active"],"acf":[],"_links":{"self":[{"href":"https:\/\/jupi.pe.leg.br\/v3\/wp-json\/wp\/v2\/posts\/2655","targetHints":{"allow":["GET"]}}],"collection":[{"href":"https:\/\/jupi.pe.leg.br\/v3\/wp-json\/wp\/v2\/posts"}],"about":[{"href":"https:\/\/jupi.pe.leg.br\/v3\/wp-json\/wp\/v2\/types\/post"}],"author":[{"embeddable":true,"href":"https:\/\/jupi.pe.leg.br\/v3\/wp-json\/wp\/v2\/users\/2"}],"replies":[{"embeddable":true,"href":"https:\/\/jupi.pe.leg.br\/v3\/wp-json\/wp\/v2\/comments?post=2655"}],"version-history":[{"count":0,"href":"https:\/\/jupi.pe.leg.br\/v3\/wp-json\/wp\/v2\/posts\/2655\/revisions"}],"wp:featuredmedia":[{"embeddable":true,"href":"https:\/\/jupi.pe.leg.br\/v3\/wp-json\/wp\/v2\/media\/2658"}],"wp:attachment":[{"href":"https:\/\/jupi.pe.leg.br\/v3\/wp-json\/wp\/v2\/media?parent=2655"}],"wp:term":[{"taxonomy":"category","embeddable":true,"href":"https:\/\/jupi.pe.leg.br\/v3\/wp-json\/wp\/v2\/categories?post=2655"},{"taxonomy":"post_tag","embeddable":true,"href":"https:\/\/jupi.pe.leg.br\/v3\/wp-json\/wp\/v2\/tags?post=2655"}],"curies":[{"name":"wp","href":"https:\/\/api.w.org\/{rel}","templated":true}]}}