{"id":2625,"date":"2024-01-11T12:03:46","date_gmt":"2024-01-11T15:03:46","guid":{"rendered":"https:\/\/jupi.pe.leg.br\/v3\/?p=2625"},"modified":"2024-01-11T12:03:46","modified_gmt":"2024-01-11T15:03:46","slug":"requerimento-168-2023","status":"publish","type":"post","link":"https:\/\/jupi.pe.leg.br\/v3\/requerimento-168-2023\/","title":{"rendered":"Requerimento 168\/2023"},"content":{"rendered":"<p>Requeiro a Mesa, ouvindo o Plen\u00e1rio, e cumprindo as formalidades regimentais, solicita\u00e7\u00e3o no sentido de que sejam consignados votos de profundo pesar pelo falecimento do Sr. Ant\u00f4nio Valdevino da Silva, ocorrido no dia 1 O (dez) do m\u00eas em curso.<br \/>\nDo presente pleito, ap\u00f3s aprova\u00e7\u00e3o em Plen\u00e1rio, que seja dado o devido conhecimento aos seus familiares.<\/p>\n","protected":false},"excerpt":{"rendered":"<p>Requeiro a Mesa, ouvindo o Plen\u00e1rio, e cumprindo as formalidades regimentais, solicita\u00e7\u00e3o no sentido de que sejam consignados votos de profundo pesar pelo falecimento do Sr. Ant\u00f4nio Valdevino da Silva, ocorrido no dia 1 O (dez) do m\u00eas em curso. <a class=\"leiamais\" href=\"https:\/\/jupi.pe.leg.br\/v3\/requerimento-168-2023\/\">VER MAIS <i class=\"fa-solid fa-chevron-right\"><\/i><\/a><\/p>\n","protected":false},"author":2,"featured_media":0,"comment_status":"open","ping_status":"open","sticky":false,"template":"","format":"standard","meta":{"_acf_changed":false,"footnotes":""},"categories":[13,5],"tags":[],"class_list":["post-2625","post","type-post","status-publish","format-standard","hentry","category-ver_toinho","category-vereadores","active"],"acf":[],"_links":{"self":[{"href":"https:\/\/jupi.pe.leg.br\/v3\/wp-json\/wp\/v2\/posts\/2625","targetHints":{"allow":["GET"]}}],"collection":[{"href":"https:\/\/jupi.pe.leg.br\/v3\/wp-json\/wp\/v2\/posts"}],"about":[{"href":"https:\/\/jupi.pe.leg.br\/v3\/wp-json\/wp\/v2\/types\/post"}],"author":[{"embeddable":true,"href":"https:\/\/jupi.pe.leg.br\/v3\/wp-json\/wp\/v2\/users\/2"}],"replies":[{"embeddable":true,"href":"https:\/\/jupi.pe.leg.br\/v3\/wp-json\/wp\/v2\/comments?post=2625"}],"version-history":[{"count":0,"href":"https:\/\/jupi.pe.leg.br\/v3\/wp-json\/wp\/v2\/posts\/2625\/revisions"}],"wp:attachment":[{"href":"https:\/\/jupi.pe.leg.br\/v3\/wp-json\/wp\/v2\/media?parent=2625"}],"wp:term":[{"taxonomy":"category","embeddable":true,"href":"https:\/\/jupi.pe.leg.br\/v3\/wp-json\/wp\/v2\/categories?post=2625"},{"taxonomy":"post_tag","embeddable":true,"href":"https:\/\/jupi.pe.leg.br\/v3\/wp-json\/wp\/v2\/tags?post=2625"}],"curies":[{"name":"wp","href":"https:\/\/api.w.org\/{rel}","templated":true}]}}