{"id":2619,"date":"2024-01-11T12:00:31","date_gmt":"2024-01-11T15:00:31","guid":{"rendered":"https:\/\/jupi.pe.leg.br\/v3\/?p=2619"},"modified":"2024-01-11T12:00:31","modified_gmt":"2024-01-11T15:00:31","slug":"requerimento-166-2023","status":"publish","type":"post","link":"https:\/\/jupi.pe.leg.br\/v3\/requerimento-166-2023\/","title":{"rendered":"Requerimento 166\/2023"},"content":{"rendered":"<p>Requeiro a Mesa, ouvindo o Plen\u00e1rio e cumprindo as formalidades regimentais, Solicita\u00e7\u00e3o ao Senhor Prefeito deste munic\u00edpio Sr. Ant\u00f4nio Marcos Patriota, por interm\u00e9dio da secretaria competente, veemente apelo no sentido de que seja encaminhado a esta Casa de Legislativa, em cumprimento a Lei Federal n\u00ba. 12.994\/2014, de 17\/06\/2014, Projeto de Lei que conceda o Adicional do 14\u00b0 Sal\u00e1rio aos Agentes Comunit\u00e1rios de Sa\u00fade &#8211; ACS, deste municipio.<\/p>\n","protected":false},"excerpt":{"rendered":"<p>Requeiro a Mesa, ouvindo o Plen\u00e1rio e cumprindo as formalidades regimentais, Solicita\u00e7\u00e3o ao Senhor Prefeito deste munic\u00edpio Sr. Ant\u00f4nio Marcos Patriota, por interm\u00e9dio da secretaria competente, veemente apelo no sentido de que seja encaminhado a esta Casa de Legislativa, em <a class=\"leiamais\" href=\"https:\/\/jupi.pe.leg.br\/v3\/requerimento-166-2023\/\">VER MAIS <i class=\"fa-solid fa-chevron-right\"><\/i><\/a><\/p>\n","protected":false},"author":2,"featured_media":0,"comment_status":"open","ping_status":"open","sticky":false,"template":"","format":"standard","meta":{"_acf_changed":false,"footnotes":""},"categories":[13,5],"tags":[],"class_list":["post-2619","post","type-post","status-publish","format-standard","hentry","category-ver_toinho","category-vereadores","active"],"acf":[],"_links":{"self":[{"href":"https:\/\/jupi.pe.leg.br\/v3\/wp-json\/wp\/v2\/posts\/2619","targetHints":{"allow":["GET"]}}],"collection":[{"href":"https:\/\/jupi.pe.leg.br\/v3\/wp-json\/wp\/v2\/posts"}],"about":[{"href":"https:\/\/jupi.pe.leg.br\/v3\/wp-json\/wp\/v2\/types\/post"}],"author":[{"embeddable":true,"href":"https:\/\/jupi.pe.leg.br\/v3\/wp-json\/wp\/v2\/users\/2"}],"replies":[{"embeddable":true,"href":"https:\/\/jupi.pe.leg.br\/v3\/wp-json\/wp\/v2\/comments?post=2619"}],"version-history":[{"count":0,"href":"https:\/\/jupi.pe.leg.br\/v3\/wp-json\/wp\/v2\/posts\/2619\/revisions"}],"wp:attachment":[{"href":"https:\/\/jupi.pe.leg.br\/v3\/wp-json\/wp\/v2\/media?parent=2619"}],"wp:term":[{"taxonomy":"category","embeddable":true,"href":"https:\/\/jupi.pe.leg.br\/v3\/wp-json\/wp\/v2\/categories?post=2619"},{"taxonomy":"post_tag","embeddable":true,"href":"https:\/\/jupi.pe.leg.br\/v3\/wp-json\/wp\/v2\/tags?post=2619"}],"curies":[{"name":"wp","href":"https:\/\/api.w.org\/{rel}","templated":true}]}}