{"id":2613,"date":"2024-01-11T11:58:23","date_gmt":"2024-01-11T14:58:23","guid":{"rendered":"https:\/\/jupi.pe.leg.br\/v3\/?p=2613"},"modified":"2024-01-11T11:58:23","modified_gmt":"2024-01-11T14:58:23","slug":"requerimento-164-2023","status":"publish","type":"post","link":"https:\/\/jupi.pe.leg.br\/v3\/requerimento-164-2023\/","title":{"rendered":"Requerimento 164\/2023"},"content":{"rendered":"<p>Requeiro a Mesa, ouvindo o Plen\u00e1rio e cumprindo as formalidades regimentais, solicita\u00e7\u00e3o ao Exmo. Prefeito deste munic\u00edpio, Sr. Ant\u00f4nio Marcos Patriota, por interm\u00e9dio da Secret\u00e1ria Municipal de Estradas, Rodagens e Ilumina\u00e7\u00e3o, veemente apelo, no sentido de que seja atendida as solicita\u00e7\u00f5es abaixo mencionadas:<br \/>\n&#8211; Alargamento da estrada que liga Jupi ao S\u00edtio Raposa, 2 metros de cada lado (via principal);<br \/>\n&#8211; Realiza\u00e7\u00e3o da constru\u00e7\u00e3o de novas cercas gratuitamente para os propriet\u00e1rios situados entorno a estrada que liga Jupi ao S\u00edtio Raposa (via principal);<\/p>\n","protected":false},"excerpt":{"rendered":"<p>Requeiro a Mesa, ouvindo o Plen\u00e1rio e cumprindo as formalidades regimentais, solicita\u00e7\u00e3o ao Exmo. Prefeito deste munic\u00edpio, Sr. Ant\u00f4nio Marcos Patriota, por interm\u00e9dio da Secret\u00e1ria Municipal de Estradas, Rodagens e Ilumina\u00e7\u00e3o, veemente apelo, no sentido de que seja atendida as <a class=\"leiamais\" href=\"https:\/\/jupi.pe.leg.br\/v3\/requerimento-164-2023\/\">VER MAIS <i class=\"fa-solid fa-chevron-right\"><\/i><\/a><\/p>\n","protected":false},"author":2,"featured_media":0,"comment_status":"open","ping_status":"open","sticky":false,"template":"","format":"standard","meta":{"_acf_changed":false,"footnotes":""},"categories":[26,5],"tags":[],"class_list":["post-2613","post","type-post","status-publish","format-standard","hentry","category-fabio-da-raposa","category-vereadores","active"],"acf":[],"_links":{"self":[{"href":"https:\/\/jupi.pe.leg.br\/v3\/wp-json\/wp\/v2\/posts\/2613","targetHints":{"allow":["GET"]}}],"collection":[{"href":"https:\/\/jupi.pe.leg.br\/v3\/wp-json\/wp\/v2\/posts"}],"about":[{"href":"https:\/\/jupi.pe.leg.br\/v3\/wp-json\/wp\/v2\/types\/post"}],"author":[{"embeddable":true,"href":"https:\/\/jupi.pe.leg.br\/v3\/wp-json\/wp\/v2\/users\/2"}],"replies":[{"embeddable":true,"href":"https:\/\/jupi.pe.leg.br\/v3\/wp-json\/wp\/v2\/comments?post=2613"}],"version-history":[{"count":0,"href":"https:\/\/jupi.pe.leg.br\/v3\/wp-json\/wp\/v2\/posts\/2613\/revisions"}],"wp:attachment":[{"href":"https:\/\/jupi.pe.leg.br\/v3\/wp-json\/wp\/v2\/media?parent=2613"}],"wp:term":[{"taxonomy":"category","embeddable":true,"href":"https:\/\/jupi.pe.leg.br\/v3\/wp-json\/wp\/v2\/categories?post=2613"},{"taxonomy":"post_tag","embeddable":true,"href":"https:\/\/jupi.pe.leg.br\/v3\/wp-json\/wp\/v2\/tags?post=2613"}],"curies":[{"name":"wp","href":"https:\/\/api.w.org\/{rel}","templated":true}]}}