{"id":2607,"date":"2024-01-11T11:55:28","date_gmt":"2024-01-11T14:55:28","guid":{"rendered":"https:\/\/jupi.pe.leg.br\/v3\/?p=2607"},"modified":"2024-01-11T11:55:28","modified_gmt":"2024-01-11T14:55:28","slug":"requerimento-162-2023","status":"publish","type":"post","link":"https:\/\/jupi.pe.leg.br\/v3\/requerimento-162-2023\/","title":{"rendered":"Requerimento 162\/2023"},"content":{"rendered":"<p>Requeiro a Mesa, ouvindo o plen\u00e1rio, e cumprindo as formalidades regimentais, Solicita\u00e7\u00e3o a Exm\u00ba Prefeito deste munic\u00edpio, Sr. Ant\u00f4nio Marcos Patriota, por interm\u00e9dio da Secretaria Municipal de Assist\u00eancia Social, veemente apelo no sentido de que seja atendida a solicita\u00e7\u00e3o abaixo, apresentada atrav\u00e9s do seguinte pleito:<br \/>\n&#8211; Aquisi\u00e7\u00e3o de um terreno para a constru\u00e7\u00e3o de casas populares, para as fam\u00edlias sem teto, na comunidade do Sitio Col\u00f4nia de Jupi\/PE.<\/p>\n","protected":false},"excerpt":{"rendered":"<p>Requeiro a Mesa, ouvindo o plen\u00e1rio, e cumprindo as formalidades regimentais, Solicita\u00e7\u00e3o a Exm\u00ba Prefeito deste munic\u00edpio, Sr. Ant\u00f4nio Marcos Patriota, por interm\u00e9dio da Secretaria Municipal de Assist\u00eancia Social, veemente apelo no sentido de que seja atendida a solicita\u00e7\u00e3o abaixo, <a class=\"leiamais\" href=\"https:\/\/jupi.pe.leg.br\/v3\/requerimento-162-2023\/\">VER MAIS <i class=\"fa-solid fa-chevron-right\"><\/i><\/a><\/p>\n","protected":false},"author":2,"featured_media":0,"comment_status":"open","ping_status":"open","sticky":false,"template":"","format":"standard","meta":{"_acf_changed":false,"footnotes":""},"categories":[23,5],"tags":[],"class_list":["post-2607","post","type-post","status-publish","format-standard","hentry","category-ver_antoniodacolonia","category-vereadores","active"],"acf":[],"_links":{"self":[{"href":"https:\/\/jupi.pe.leg.br\/v3\/wp-json\/wp\/v2\/posts\/2607","targetHints":{"allow":["GET"]}}],"collection":[{"href":"https:\/\/jupi.pe.leg.br\/v3\/wp-json\/wp\/v2\/posts"}],"about":[{"href":"https:\/\/jupi.pe.leg.br\/v3\/wp-json\/wp\/v2\/types\/post"}],"author":[{"embeddable":true,"href":"https:\/\/jupi.pe.leg.br\/v3\/wp-json\/wp\/v2\/users\/2"}],"replies":[{"embeddable":true,"href":"https:\/\/jupi.pe.leg.br\/v3\/wp-json\/wp\/v2\/comments?post=2607"}],"version-history":[{"count":0,"href":"https:\/\/jupi.pe.leg.br\/v3\/wp-json\/wp\/v2\/posts\/2607\/revisions"}],"wp:attachment":[{"href":"https:\/\/jupi.pe.leg.br\/v3\/wp-json\/wp\/v2\/media?parent=2607"}],"wp:term":[{"taxonomy":"category","embeddable":true,"href":"https:\/\/jupi.pe.leg.br\/v3\/wp-json\/wp\/v2\/categories?post=2607"},{"taxonomy":"post_tag","embeddable":true,"href":"https:\/\/jupi.pe.leg.br\/v3\/wp-json\/wp\/v2\/tags?post=2607"}],"curies":[{"name":"wp","href":"https:\/\/api.w.org\/{rel}","templated":true}]}}