{"id":2601,"date":"2024-01-11T11:53:24","date_gmt":"2024-01-11T14:53:24","guid":{"rendered":"https:\/\/jupi.pe.leg.br\/v3\/?p=2601"},"modified":"2024-01-11T11:53:24","modified_gmt":"2024-01-11T14:53:24","slug":"requerimento-160-2023","status":"publish","type":"post","link":"https:\/\/jupi.pe.leg.br\/v3\/requerimento-160-2023\/","title":{"rendered":"Requerimento 160\/2023"},"content":{"rendered":"<p>Requeiro \u00e0 Mesa, ouvindo o Plen\u00e1rio e cumprindo as formalidades regimentais, solicita\u00e7\u00e3o ao Exm\u00ba. Prefeito deste munic\u00edpio, Sr. Ant\u00f4nio Marcos Patriota, por interm\u00e9dio das Secretarias competentes, veemente apelo no sentido de que seja realizada a constru\u00e7\u00e3o de uma pra\u00e7a e fonte luminosa, simbolizando a riqueza de \u00e1gua presente no local. No in\u00edcio do Peri-Peri, localizado no Marco Zero do nosso municipio.<\/p>\n","protected":false},"excerpt":{"rendered":"<p>Requeiro \u00e0 Mesa, ouvindo o Plen\u00e1rio e cumprindo as formalidades regimentais, solicita\u00e7\u00e3o ao Exm\u00ba. Prefeito deste munic\u00edpio, Sr. Ant\u00f4nio Marcos Patriota, por interm\u00e9dio das Secretarias competentes, veemente apelo no sentido de que seja realizada a constru\u00e7\u00e3o de uma pra\u00e7a e <a class=\"leiamais\" href=\"https:\/\/jupi.pe.leg.br\/v3\/requerimento-160-2023\/\">VER MAIS <i class=\"fa-solid fa-chevron-right\"><\/i><\/a><\/p>\n","protected":false},"author":2,"featured_media":0,"comment_status":"open","ping_status":"open","sticky":false,"template":"","format":"standard","meta":{"_acf_changed":false,"footnotes":""},"categories":[14,5],"tags":[],"class_list":["post-2601","post","type-post","status-publish","format-standard","hentry","category-ver_paulocesar","category-vereadores","active"],"acf":[],"_links":{"self":[{"href":"https:\/\/jupi.pe.leg.br\/v3\/wp-json\/wp\/v2\/posts\/2601","targetHints":{"allow":["GET"]}}],"collection":[{"href":"https:\/\/jupi.pe.leg.br\/v3\/wp-json\/wp\/v2\/posts"}],"about":[{"href":"https:\/\/jupi.pe.leg.br\/v3\/wp-json\/wp\/v2\/types\/post"}],"author":[{"embeddable":true,"href":"https:\/\/jupi.pe.leg.br\/v3\/wp-json\/wp\/v2\/users\/2"}],"replies":[{"embeddable":true,"href":"https:\/\/jupi.pe.leg.br\/v3\/wp-json\/wp\/v2\/comments?post=2601"}],"version-history":[{"count":0,"href":"https:\/\/jupi.pe.leg.br\/v3\/wp-json\/wp\/v2\/posts\/2601\/revisions"}],"wp:attachment":[{"href":"https:\/\/jupi.pe.leg.br\/v3\/wp-json\/wp\/v2\/media?parent=2601"}],"wp:term":[{"taxonomy":"category","embeddable":true,"href":"https:\/\/jupi.pe.leg.br\/v3\/wp-json\/wp\/v2\/categories?post=2601"},{"taxonomy":"post_tag","embeddable":true,"href":"https:\/\/jupi.pe.leg.br\/v3\/wp-json\/wp\/v2\/tags?post=2601"}],"curies":[{"name":"wp","href":"https:\/\/api.w.org\/{rel}","templated":true}]}}