{"id":2591,"date":"2024-01-11T11:41:42","date_gmt":"2024-01-11T14:41:42","guid":{"rendered":"https:\/\/jupi.pe.leg.br\/v3\/?p=2591"},"modified":"2024-01-11T11:41:42","modified_gmt":"2024-01-11T14:41:42","slug":"requerimento-157-2023","status":"publish","type":"post","link":"https:\/\/jupi.pe.leg.br\/v3\/requerimento-157-2023\/","title":{"rendered":"Requerimento 157\/2023"},"content":{"rendered":"<p>Requeiro a Mesa, ouvindo o Plen\u00e1rio e cumprindo as formalidades regimentais, solicita\u00e7\u00e3o ao Exmo. Prefeito deste munic\u00edpio, Sr. Ant\u00f4nio Marcos Patriota, por interm\u00e9dio da Secretaria Municipal de Infraestrutura e Servi\u00e7os Urbanos, veemente apelo, no sentido de que seja realizada a instala\u00e7\u00e3o de uma mureta ou guard rail na Passagem Molhada, pr\u00f3xima ao Rio da Chata, localizada no Povoado Santa Rita, como tamb\u00e9m um sistema de monitoramento e ilumina\u00e7\u00e3o, com o intuito de amplificar a seguran\u00e7a, do inicio da Passagem Molhada at\u00e9 a Escola Jonas Correia do Povoado Santa Rita deste Municipio.<\/p>\n","protected":false},"excerpt":{"rendered":"<p>Requeiro a Mesa, ouvindo o Plen\u00e1rio e cumprindo as formalidades regimentais, solicita\u00e7\u00e3o ao Exmo. Prefeito deste munic\u00edpio, Sr. Ant\u00f4nio Marcos Patriota, por interm\u00e9dio da Secretaria Municipal de Infraestrutura e Servi\u00e7os Urbanos, veemente apelo, no sentido de que seja realizada a <a class=\"leiamais\" href=\"https:\/\/jupi.pe.leg.br\/v3\/requerimento-157-2023\/\">VER MAIS <i class=\"fa-solid fa-chevron-right\"><\/i><\/a><\/p>\n","protected":false},"author":2,"featured_media":0,"comment_status":"open","ping_status":"open","sticky":false,"template":"","format":"standard","meta":{"_acf_changed":false,"footnotes":""},"categories":[13,5],"tags":[],"class_list":["post-2591","post","type-post","status-publish","format-standard","hentry","category-ver_toinho","category-vereadores","active"],"acf":[],"_links":{"self":[{"href":"https:\/\/jupi.pe.leg.br\/v3\/wp-json\/wp\/v2\/posts\/2591","targetHints":{"allow":["GET"]}}],"collection":[{"href":"https:\/\/jupi.pe.leg.br\/v3\/wp-json\/wp\/v2\/posts"}],"about":[{"href":"https:\/\/jupi.pe.leg.br\/v3\/wp-json\/wp\/v2\/types\/post"}],"author":[{"embeddable":true,"href":"https:\/\/jupi.pe.leg.br\/v3\/wp-json\/wp\/v2\/users\/2"}],"replies":[{"embeddable":true,"href":"https:\/\/jupi.pe.leg.br\/v3\/wp-json\/wp\/v2\/comments?post=2591"}],"version-history":[{"count":0,"href":"https:\/\/jupi.pe.leg.br\/v3\/wp-json\/wp\/v2\/posts\/2591\/revisions"}],"wp:attachment":[{"href":"https:\/\/jupi.pe.leg.br\/v3\/wp-json\/wp\/v2\/media?parent=2591"}],"wp:term":[{"taxonomy":"category","embeddable":true,"href":"https:\/\/jupi.pe.leg.br\/v3\/wp-json\/wp\/v2\/categories?post=2591"},{"taxonomy":"post_tag","embeddable":true,"href":"https:\/\/jupi.pe.leg.br\/v3\/wp-json\/wp\/v2\/tags?post=2591"}],"curies":[{"name":"wp","href":"https:\/\/api.w.org\/{rel}","templated":true}]}}