{"id":2576,"date":"2023-11-24T17:25:22","date_gmt":"2023-11-24T20:25:22","guid":{"rendered":"https:\/\/jupi.pe.leg.br\/v3\/?p=2576"},"modified":"2023-11-24T17:25:22","modified_gmt":"2023-11-24T20:25:22","slug":"somos-a-6a-camara-mais-transparente-de-pernambuco","status":"publish","type":"post","link":"https:\/\/jupi.pe.leg.br\/v3\/somos-a-6a-camara-mais-transparente-de-pernambuco\/","title":{"rendered":"Somos a 6\u00aa C\u00e2mara mais Transparente de Pernambuco!"},"content":{"rendered":"<p>Na vibrante C\u00e2mara Municipal de Jupi, a alegria contagia o cora\u00e7\u00e3o do Agreste Meridional de Pernambuco!<br \/>\nSob a lideran\u00e7a vision\u00e1ria do Presidente da C\u00e2mara, Vereador L\u00eadson Liberato, celebramos um momento hist\u00f3rico: a sexta posi\u00e7\u00e3o no prestigiado ranking de transpar\u00eancia p\u00fablica.<br \/>\nUma conquista brilhante evidenciada pelo minucioso \u00cdndice de Transpar\u00eancia da Administra\u00e7\u00e3o P\u00fablica (ITP-TCE\/PE), resultado de esfor\u00e7os conjuntos com a comunidade e avalia\u00e7\u00e3o do Tribunal de Contas do Estado.<br \/>\nEm Jupi, a transpar\u00eancia \u00e9 mais que uma pr\u00e1tica; \u00e9 um s\u00edmbolo de progresso e confian\u00e7a.<br \/>\nSeguimos firmes, construindo um futuro onde a participa\u00e7\u00e3o cidade floresce e a gest\u00e3o p\u00fablica brilha com luz pr\u00f3pria.<\/p>\n<p><img loading=\"lazy\" decoding=\"async\" width=\"684\" height=\"829\" class=\"img-fluid aligncenter size-full wp-image-2577\" src=\"https:\/\/jupi.pe.leg.br\/v3\/wp-content\/uploads\/2023\/11\/Capturar7.png\" alt=\"\" data-wp-pid=\"2577\" srcset=\"https:\/\/jupi.pe.leg.br\/v3\/wp-content\/uploads\/2023\/11\/Capturar7.png 684w, https:\/\/jupi.pe.leg.br\/v3\/wp-content\/uploads\/2023\/11\/Capturar7-248x300.png 248w\" sizes=\"auto, (max-width: 684px) 100vw, 684px\" \/><\/p>\n","protected":false},"excerpt":{"rendered":"<p>Na vibrante C\u00e2mara Municipal de Jupi, a alegria contagia o cora\u00e7\u00e3o do Agreste Meridional de Pernambuco! Sob a lideran\u00e7a vision\u00e1ria do Presidente da C\u00e2mara, Vereador L\u00eadson Liberato, celebramos um momento hist\u00f3rico: a sexta posi\u00e7\u00e3o no prestigiado ranking de transpar\u00eancia p\u00fablica. <a class=\"leiamais\" href=\"https:\/\/jupi.pe.leg.br\/v3\/somos-a-6a-camara-mais-transparente-de-pernambuco\/\">VER MAIS <i class=\"fa-solid fa-chevron-right\"><\/i><\/a><\/p>\n","protected":false},"author":2,"featured_media":2577,"comment_status":"open","ping_status":"open","sticky":false,"template":"","format":"standard","meta":{"_acf_changed":false,"footnotes":""},"categories":[4],"tags":[],"class_list":["post-2576","post","type-post","status-publish","format-standard","has-post-thumbnail","hentry","category-noticias","active"],"acf":[],"_links":{"self":[{"href":"https:\/\/jupi.pe.leg.br\/v3\/wp-json\/wp\/v2\/posts\/2576","targetHints":{"allow":["GET"]}}],"collection":[{"href":"https:\/\/jupi.pe.leg.br\/v3\/wp-json\/wp\/v2\/posts"}],"about":[{"href":"https:\/\/jupi.pe.leg.br\/v3\/wp-json\/wp\/v2\/types\/post"}],"author":[{"embeddable":true,"href":"https:\/\/jupi.pe.leg.br\/v3\/wp-json\/wp\/v2\/users\/2"}],"replies":[{"embeddable":true,"href":"https:\/\/jupi.pe.leg.br\/v3\/wp-json\/wp\/v2\/comments?post=2576"}],"version-history":[{"count":0,"href":"https:\/\/jupi.pe.leg.br\/v3\/wp-json\/wp\/v2\/posts\/2576\/revisions"}],"wp:featuredmedia":[{"embeddable":true,"href":"https:\/\/jupi.pe.leg.br\/v3\/wp-json\/wp\/v2\/media\/2577"}],"wp:attachment":[{"href":"https:\/\/jupi.pe.leg.br\/v3\/wp-json\/wp\/v2\/media?parent=2576"}],"wp:term":[{"taxonomy":"category","embeddable":true,"href":"https:\/\/jupi.pe.leg.br\/v3\/wp-json\/wp\/v2\/categories?post=2576"},{"taxonomy":"post_tag","embeddable":true,"href":"https:\/\/jupi.pe.leg.br\/v3\/wp-json\/wp\/v2\/tags?post=2576"}],"curies":[{"name":"wp","href":"https:\/\/api.w.org\/{rel}","templated":true}]}}