{"id":2570,"date":"2023-11-24T17:20:51","date_gmt":"2023-11-24T20:20:51","guid":{"rendered":"https:\/\/jupi.pe.leg.br\/v3\/?p=2570"},"modified":"2023-11-24T17:20:51","modified_gmt":"2023-11-24T20:20:51","slug":"o-vereador-ledson-liberato-na-defesa-dos-que-mais-precisam","status":"publish","type":"post","link":"https:\/\/jupi.pe.leg.br\/v3\/o-vereador-ledson-liberato-na-defesa-dos-que-mais-precisam\/","title":{"rendered":"O vereador L\u00eadson Liberato na defesa dos que mais precisam!"},"content":{"rendered":"<p>Na defesa dos que mais precisam!<br \/>\nEsse \u00e9 o Presidente e Vereador L\u00eadson Liberato! \u00a0Nos Requerimentos 149\/2023 e 150\/2023, ele mostra sensibilidade ao propor a cria\u00e7\u00e3o de um Programa de Aux\u00edlio Financeiro para fam\u00edlias vulner\u00e1veis e o Bolsa Transporte Universit\u00e1rio para nossos estudantes!<br \/>\nCom seu apelo vibrante, o vereador destaca a import\u00e2ncia de cuidarmos uns dos outros. O Aux\u00edlio Financeiro representa um suporte crucial, enquanto a Bolsa Transporte Universit\u00e1rio investe no futuro educacional da nossa juventude.<br \/>\nA C\u00e2mara de Jupi aplaude essas a\u00e7\u00f5es solid\u00e1rias, refor\u00e7ando o compromisso do Vereador L\u00eadson com uma cidade mais justa e inclusiva!<\/p>\n<p><img loading=\"lazy\" decoding=\"async\" width=\"645\" height=\"823\" class=\"img-fluid aligncenter size-full wp-image-2572\" src=\"https:\/\/jupi.pe.leg.br\/v3\/wp-content\/uploads\/2023\/11\/Capturar-4.png\" alt=\"\" data-wp-pid=\"2572\" srcset=\"https:\/\/jupi.pe.leg.br\/v3\/wp-content\/uploads\/2023\/11\/Capturar-4.png 645w, https:\/\/jupi.pe.leg.br\/v3\/wp-content\/uploads\/2023\/11\/Capturar-4-235x300.png 235w\" sizes=\"auto, (max-width: 645px) 100vw, 645px\" \/> <img loading=\"lazy\" decoding=\"async\" class=\"img-fluid aligncenter  wp-image-2573\" src=\"https:\/\/jupi.pe.leg.br\/v3\/wp-content\/uploads\/2023\/11\/Capturar1-2.png\" alt=\"\" width=\"646\" height=\"868\" data-wp-pid=\"2573\" srcset=\"https:\/\/jupi.pe.leg.br\/v3\/wp-content\/uploads\/2023\/11\/Capturar1-2.png 623w, https:\/\/jupi.pe.leg.br\/v3\/wp-content\/uploads\/2023\/11\/Capturar1-2-223x300.png 223w\" sizes=\"auto, (max-width: 646px) 100vw, 646px\" \/> <img loading=\"lazy\" decoding=\"async\" class=\"img-fluid aligncenter  wp-image-2574\" src=\"https:\/\/jupi.pe.leg.br\/v3\/wp-content\/uploads\/2023\/11\/Capturar2-3.png\" alt=\"\" width=\"649\" height=\"819\" data-wp-pid=\"2574\" srcset=\"https:\/\/jupi.pe.leg.br\/v3\/wp-content\/uploads\/2023\/11\/Capturar2-3.png 670w, https:\/\/jupi.pe.leg.br\/v3\/wp-content\/uploads\/2023\/11\/Capturar2-3-238x300.png 238w\" sizes=\"auto, (max-width: 649px) 100vw, 649px\" \/><\/p>\n","protected":false},"excerpt":{"rendered":"<p>Na defesa dos que mais precisam! Esse \u00e9 o Presidente e Vereador L\u00eadson Liberato! \u00a0Nos Requerimentos 149\/2023 e 150\/2023, ele mostra sensibilidade ao propor a cria\u00e7\u00e3o de um Programa de Aux\u00edlio Financeiro para fam\u00edlias vulner\u00e1veis e o Bolsa Transporte Universit\u00e1rio <a class=\"leiamais\" href=\"https:\/\/jupi.pe.leg.br\/v3\/o-vereador-ledson-liberato-na-defesa-dos-que-mais-precisam\/\">VER MAIS <i class=\"fa-solid fa-chevron-right\"><\/i><\/a><\/p>\n","protected":false},"author":2,"featured_media":2572,"comment_status":"open","ping_status":"open","sticky":false,"template":"","format":"standard","meta":{"_acf_changed":false,"footnotes":""},"categories":[4],"tags":[],"class_list":["post-2570","post","type-post","status-publish","format-standard","has-post-thumbnail","hentry","category-noticias","active"],"acf":[],"_links":{"self":[{"href":"https:\/\/jupi.pe.leg.br\/v3\/wp-json\/wp\/v2\/posts\/2570","targetHints":{"allow":["GET"]}}],"collection":[{"href":"https:\/\/jupi.pe.leg.br\/v3\/wp-json\/wp\/v2\/posts"}],"about":[{"href":"https:\/\/jupi.pe.leg.br\/v3\/wp-json\/wp\/v2\/types\/post"}],"author":[{"embeddable":true,"href":"https:\/\/jupi.pe.leg.br\/v3\/wp-json\/wp\/v2\/users\/2"}],"replies":[{"embeddable":true,"href":"https:\/\/jupi.pe.leg.br\/v3\/wp-json\/wp\/v2\/comments?post=2570"}],"version-history":[{"count":0,"href":"https:\/\/jupi.pe.leg.br\/v3\/wp-json\/wp\/v2\/posts\/2570\/revisions"}],"wp:featuredmedia":[{"embeddable":true,"href":"https:\/\/jupi.pe.leg.br\/v3\/wp-json\/wp\/v2\/media\/2572"}],"wp:attachment":[{"href":"https:\/\/jupi.pe.leg.br\/v3\/wp-json\/wp\/v2\/media?parent=2570"}],"wp:term":[{"taxonomy":"category","embeddable":true,"href":"https:\/\/jupi.pe.leg.br\/v3\/wp-json\/wp\/v2\/categories?post=2570"},{"taxonomy":"post_tag","embeddable":true,"href":"https:\/\/jupi.pe.leg.br\/v3\/wp-json\/wp\/v2\/tags?post=2570"}],"curies":[{"name":"wp","href":"https:\/\/api.w.org\/{rel}","templated":true}]}}