{"id":2551,"date":"2023-11-24T17:00:35","date_gmt":"2023-11-24T20:00:35","guid":{"rendered":"https:\/\/jupi.pe.leg.br\/v3\/?p=2551"},"modified":"2023-11-24T17:01:28","modified_gmt":"2023-11-24T20:01:28","slug":"os-vereadores-de-jupi-sao-a-voz-do-povo-na-camara-municipal","status":"publish","type":"post","link":"https:\/\/jupi.pe.leg.br\/v3\/os-vereadores-de-jupi-sao-a-voz-do-povo-na-camara-municipal\/","title":{"rendered":"Os vereadores de Jupi com paix\u00e3o e dedica\u00e7\u00e3o, eles lutam por uma cidade melhor a cada sess\u00e3o."},"content":{"rendered":"<p>Os vereadores de Jupi s\u00e3o a voz do povo na C\u00e2mara Municipal!\u00a0 \u00a0 \u00a0 \u00a0 \u00a0 \u00a0 \u00a0 \u00a0 \u00a0 \u00a0 \u00a0 \u00a0 \u00a0 \u00a0 \u00a0 \u00a0 \u00a0 \u00a0 \u00a0 \u00a0 \u00a0 \u00a0 \u00a0 \u00a0 \u00a0 \u00a0 \u00a0 \u00a0 \u00a0 \u00a0 \u00a0 \u00a0 \u00a0 \u00a0 \u00a0 \u00a0 \u00a0 \u00a0 \u00a0 \u00a0 \u00a0 \u00a0 \u00a0 \u00a0 \u00a0 \u00a0 \u00a0 \u00a0 \u00a0 \u00a0 \u00a0 \u00a0 \u00a0 \u00a0 \u00a0 \u00a0 \u00a0 \u00a0 \u00a0 \u00a0 \u00a0 \u00a0 \u00a0 \u00a0 \u00a0 \u00a0 \u00a0 \u00a0 \u00a0 \u00a0 \u00a0 \u00a0 \u00a0 \u00a0 \u00a0 \u00a0 \u00a0 \u00a0 \u00a0 \u00a0 \u00a0 \u00a0 \u00a0 \u00a0 \u00a0 \u00a0 \u00a0 \u00a0 \u00a0 \u00a0 \u00a0 \u00a0 \u00a0 \u00a0 \u00a0 \u00a0 \u00a0 \u00a0 \u00a0 \u00a0 \u00a0 \u00a0 \u00a0 \u00a0 \u00a0 \u00a0 \u00a0 \u00a0 \u00a0 \u00a0 \u00a0 \u00a0 \u00a0 \u00a0 \u00a0 \u00a0 \u00a0 Com paix\u00e3o e dedica\u00e7\u00e3o, eles lutam por uma cidade melhor a cada sess\u00e3o.<br \/>\nSeus requerimentos refletem o comprometimento com a cidade, abra\u00e7ando causas que v\u00e3o desde esportes e cal\u00e7amentos at\u00e9 aux\u00edlio financeiro e educa\u00e7\u00e3o.<br \/>\nJuntos, eles preservam nossa hist\u00f3ria, garantem nossa seguran\u00e7a e promovem a igualdade de g\u00eanero e bem-estar para todos.<br \/>\nJupi est\u00e1 nas m\u00e3os de l\u00edderes apaixonados!<\/p>\n<div style=\"width: 1080px;\" class=\"wp-video\"><video class=\"wp-video-shortcode\" id=\"video-2551-1\" width=\"1080\" height=\"1920\" preload=\"metadata\" controls=\"controls\"><source type=\"video\/mp4\" src=\"https:\/\/jupi.pe.leg.br\/v3\/wp-content\/uploads\/2023\/11\/Os-vereadores-de-Jupi-sao-a-voz-do-povo-na-Camara-Municipal.mp4?_=1\" \/><a href=\"https:\/\/jupi.pe.leg.br\/v3\/wp-content\/uploads\/2023\/11\/Os-vereadores-de-Jupi-sao-a-voz-do-povo-na-Camara-Municipal.mp4\">https:\/\/jupi.pe.leg.br\/v3\/wp-content\/uploads\/2023\/11\/Os-vereadores-de-Jupi-sao-a-voz-do-povo-na-Camara-Municipal.mp4<\/a><\/video><\/div>\n","protected":false},"excerpt":{"rendered":"<p>Os vereadores de Jupi s\u00e3o a voz do povo na C\u00e2mara Municipal!\u00a0 \u00a0 \u00a0 \u00a0 \u00a0 \u00a0 \u00a0 \u00a0 \u00a0 \u00a0 \u00a0 \u00a0 \u00a0 \u00a0 \u00a0 \u00a0 \u00a0 \u00a0 \u00a0 \u00a0 \u00a0 \u00a0 \u00a0 \u00a0 \u00a0 \u00a0 \u00a0 \u00a0 \u00a0 <a class=\"leiamais\" href=\"https:\/\/jupi.pe.leg.br\/v3\/os-vereadores-de-jupi-sao-a-voz-do-povo-na-camara-municipal\/\">VER MAIS <i class=\"fa-solid fa-chevron-right\"><\/i><\/a><\/p>\n","protected":false},"author":2,"featured_media":2553,"comment_status":"open","ping_status":"open","sticky":false,"template":"","format":"standard","meta":{"_acf_changed":false,"footnotes":""},"categories":[4],"tags":[],"class_list":["post-2551","post","type-post","status-publish","format-standard","has-post-thumbnail","hentry","category-noticias","active"],"acf":[],"_links":{"self":[{"href":"https:\/\/jupi.pe.leg.br\/v3\/wp-json\/wp\/v2\/posts\/2551","targetHints":{"allow":["GET"]}}],"collection":[{"href":"https:\/\/jupi.pe.leg.br\/v3\/wp-json\/wp\/v2\/posts"}],"about":[{"href":"https:\/\/jupi.pe.leg.br\/v3\/wp-json\/wp\/v2\/types\/post"}],"author":[{"embeddable":true,"href":"https:\/\/jupi.pe.leg.br\/v3\/wp-json\/wp\/v2\/users\/2"}],"replies":[{"embeddable":true,"href":"https:\/\/jupi.pe.leg.br\/v3\/wp-json\/wp\/v2\/comments?post=2551"}],"version-history":[{"count":0,"href":"https:\/\/jupi.pe.leg.br\/v3\/wp-json\/wp\/v2\/posts\/2551\/revisions"}],"wp:featuredmedia":[{"embeddable":true,"href":"https:\/\/jupi.pe.leg.br\/v3\/wp-json\/wp\/v2\/media\/2553"}],"wp:attachment":[{"href":"https:\/\/jupi.pe.leg.br\/v3\/wp-json\/wp\/v2\/media?parent=2551"}],"wp:term":[{"taxonomy":"category","embeddable":true,"href":"https:\/\/jupi.pe.leg.br\/v3\/wp-json\/wp\/v2\/categories?post=2551"},{"taxonomy":"post_tag","embeddable":true,"href":"https:\/\/jupi.pe.leg.br\/v3\/wp-json\/wp\/v2\/tags?post=2551"}],"curies":[{"name":"wp","href":"https:\/\/api.w.org\/{rel}","templated":true}]}}