{"id":2536,"date":"2023-11-01T18:08:46","date_gmt":"2023-11-01T21:08:46","guid":{"rendered":"https:\/\/jupi.pe.leg.br\/v3\/?p=2536"},"modified":"2023-11-01T18:08:46","modified_gmt":"2023-11-01T21:08:46","slug":"requerimento-153-2023","status":"publish","type":"post","link":"https:\/\/jupi.pe.leg.br\/v3\/requerimento-153-2023\/","title":{"rendered":"Requerimento 153\/2023"},"content":{"rendered":"<p>Requeiro a Mesa, ouvindo o Plen\u00e1rio e cumprindo as formalidades regimentais, solicita\u00e7\u00e3o ao Exmo. Prefeito deste munic\u00edpio, Sr. Ant\u00f4nio Marcos Patriota, veemente apelo, no sentido de firmar parceria com os \u00f3rg\u00e3os federais competentes, para constru\u00e7\u00e3o de cisternas P1+2, com recursos provenientes do &#8220;Projeto de Conviv\u00eancia com o Semi-\u00e1rido&#8221;, destinadas \u00e0s comunidades rurais, com acompanhamento, sele\u00e7\u00e3o e cadastramento, sob responsabilidade do CMDRS &#8211; Conselho Municipal de Desenvolvimento Rural Sustent\u00e1vel, do nosso munic\u00edpio.<\/p>\n","protected":false},"excerpt":{"rendered":"<p>Requeiro a Mesa, ouvindo o Plen\u00e1rio e cumprindo as formalidades regimentais, solicita\u00e7\u00e3o ao Exmo. Prefeito deste munic\u00edpio, Sr. Ant\u00f4nio Marcos Patriota, veemente apelo, no sentido de firmar parceria com os \u00f3rg\u00e3os federais competentes, para constru\u00e7\u00e3o de cisternas P1+2, com recursos <a class=\"leiamais\" href=\"https:\/\/jupi.pe.leg.br\/v3\/requerimento-153-2023\/\">VER MAIS <i class=\"fa-solid fa-chevron-right\"><\/i><\/a><\/p>\n","protected":false},"author":2,"featured_media":0,"comment_status":"open","ping_status":"open","sticky":false,"template":"","format":"standard","meta":{"_acf_changed":false,"footnotes":""},"categories":[26,5],"tags":[],"class_list":["post-2536","post","type-post","status-publish","format-standard","hentry","category-fabio-da-raposa","category-vereadores","active"],"acf":[],"_links":{"self":[{"href":"https:\/\/jupi.pe.leg.br\/v3\/wp-json\/wp\/v2\/posts\/2536","targetHints":{"allow":["GET"]}}],"collection":[{"href":"https:\/\/jupi.pe.leg.br\/v3\/wp-json\/wp\/v2\/posts"}],"about":[{"href":"https:\/\/jupi.pe.leg.br\/v3\/wp-json\/wp\/v2\/types\/post"}],"author":[{"embeddable":true,"href":"https:\/\/jupi.pe.leg.br\/v3\/wp-json\/wp\/v2\/users\/2"}],"replies":[{"embeddable":true,"href":"https:\/\/jupi.pe.leg.br\/v3\/wp-json\/wp\/v2\/comments?post=2536"}],"version-history":[{"count":0,"href":"https:\/\/jupi.pe.leg.br\/v3\/wp-json\/wp\/v2\/posts\/2536\/revisions"}],"wp:attachment":[{"href":"https:\/\/jupi.pe.leg.br\/v3\/wp-json\/wp\/v2\/media?parent=2536"}],"wp:term":[{"taxonomy":"category","embeddable":true,"href":"https:\/\/jupi.pe.leg.br\/v3\/wp-json\/wp\/v2\/categories?post=2536"},{"taxonomy":"post_tag","embeddable":true,"href":"https:\/\/jupi.pe.leg.br\/v3\/wp-json\/wp\/v2\/tags?post=2536"}],"curies":[{"name":"wp","href":"https:\/\/api.w.org\/{rel}","templated":true}]}}