{"id":2511,"date":"2023-10-27T16:19:44","date_gmt":"2023-10-27T19:19:44","guid":{"rendered":"https:\/\/jupi.pe.leg.br\/v3\/?p=2511"},"modified":"2023-10-27T16:19:44","modified_gmt":"2023-10-27T19:19:44","slug":"os-vereadores-da-camara-de-jupi-uniram-forcas-e-aprovaram-por-unanimidade-as-contas-da-gestao-publica-do-prefeito-marcos-patriota","status":"publish","type":"post","link":"https:\/\/jupi.pe.leg.br\/v3\/os-vereadores-da-camara-de-jupi-uniram-forcas-e-aprovaram-por-unanimidade-as-contas-da-gestao-publica-do-prefeito-marcos-patriota\/","title":{"rendered":"Os vereadores da C\u00e2mara de Jupi uniram for\u00e7as e aprovaram por unanimidade as contas da gest\u00e3o p\u00fablica do prefeito Marcos Patriota."},"content":{"rendered":"<p>Vit\u00f3ria da transpar\u00eancia e responsabilidade!<\/p>\n<p>Os vereadores da C\u00e2mara de Jupi uniram for\u00e7as e aprovaram por unanimidade as contas da gest\u00e3o p\u00fablica do prefeito Marcos Patriota.<\/p>\n<p>Ap\u00f3s a aprova\u00e7\u00e3o no Tribunal de Contas do Estado, essa conquista \u00e9 um marco para a gest\u00e3o, e os vereadores merecem nossos parab\u00e9ns pelo voto respons\u00e1vel!<\/p>\n<p>Parab\u00e9ns, prefeito Marcos Patriota e sua equipe, por administrar com excel\u00eancia!<\/p>\n<p>A aprova\u00e7\u00e3o un\u00e2nime \u00e9 um reconhecimento do compromisso com a cidade. \u00a0Que continuem a trilhar o caminho do sucesso, sempre em busca do melhor para Jupi!<\/p>\n<p>Os vereadores mostraram sua responsabilidade e compromisso com nossa cidade!<\/p>\n<p>Parab\u00e9ns por esta decis\u00e3o un\u00e2nime que demonstra o respeito pelo povo de Jupi!<\/p>\n<p>Continuemos juntos, construindo um futuro brilhante para todos!<\/p>\n<div style=\"width: 1080px;\" class=\"wp-video\"><video class=\"wp-video-shortcode\" id=\"video-2511-1\" width=\"1080\" height=\"1920\" preload=\"metadata\" controls=\"controls\"><source type=\"video\/mp4\" src=\"https:\/\/jupi.pe.leg.br\/v3\/wp-content\/uploads\/2023\/10\/Vitoria-da-transparencia-e-responsabilidade.mp4?_=1\" \/><a href=\"https:\/\/jupi.pe.leg.br\/v3\/wp-content\/uploads\/2023\/10\/Vitoria-da-transparencia-e-responsabilidade.mp4\">https:\/\/jupi.pe.leg.br\/v3\/wp-content\/uploads\/2023\/10\/Vitoria-da-transparencia-e-responsabilidade.mp4<\/a><\/video><\/div>\n","protected":false},"excerpt":{"rendered":"<p>Vit\u00f3ria da transpar\u00eancia e responsabilidade! Os vereadores da C\u00e2mara de Jupi uniram for\u00e7as e aprovaram por unanimidade as contas da gest\u00e3o p\u00fablica do prefeito Marcos Patriota. Ap\u00f3s a aprova\u00e7\u00e3o no Tribunal de Contas do Estado, essa conquista \u00e9 um marco <a class=\"leiamais\" href=\"https:\/\/jupi.pe.leg.br\/v3\/os-vereadores-da-camara-de-jupi-uniram-forcas-e-aprovaram-por-unanimidade-as-contas-da-gestao-publica-do-prefeito-marcos-patriota\/\">VER MAIS <i class=\"fa-solid fa-chevron-right\"><\/i><\/a><\/p>\n","protected":false},"author":2,"featured_media":2513,"comment_status":"open","ping_status":"open","sticky":false,"template":"","format":"standard","meta":{"_acf_changed":false,"footnotes":""},"categories":[4],"tags":[],"class_list":["post-2511","post","type-post","status-publish","format-standard","has-post-thumbnail","hentry","category-noticias","active"],"acf":[],"_links":{"self":[{"href":"https:\/\/jupi.pe.leg.br\/v3\/wp-json\/wp\/v2\/posts\/2511","targetHints":{"allow":["GET"]}}],"collection":[{"href":"https:\/\/jupi.pe.leg.br\/v3\/wp-json\/wp\/v2\/posts"}],"about":[{"href":"https:\/\/jupi.pe.leg.br\/v3\/wp-json\/wp\/v2\/types\/post"}],"author":[{"embeddable":true,"href":"https:\/\/jupi.pe.leg.br\/v3\/wp-json\/wp\/v2\/users\/2"}],"replies":[{"embeddable":true,"href":"https:\/\/jupi.pe.leg.br\/v3\/wp-json\/wp\/v2\/comments?post=2511"}],"version-history":[{"count":0,"href":"https:\/\/jupi.pe.leg.br\/v3\/wp-json\/wp\/v2\/posts\/2511\/revisions"}],"wp:featuredmedia":[{"embeddable":true,"href":"https:\/\/jupi.pe.leg.br\/v3\/wp-json\/wp\/v2\/media\/2513"}],"wp:attachment":[{"href":"https:\/\/jupi.pe.leg.br\/v3\/wp-json\/wp\/v2\/media?parent=2511"}],"wp:term":[{"taxonomy":"category","embeddable":true,"href":"https:\/\/jupi.pe.leg.br\/v3\/wp-json\/wp\/v2\/categories?post=2511"},{"taxonomy":"post_tag","embeddable":true,"href":"https:\/\/jupi.pe.leg.br\/v3\/wp-json\/wp\/v2\/tags?post=2511"}],"curies":[{"name":"wp","href":"https:\/\/api.w.org\/{rel}","templated":true}]}}