{"id":2506,"date":"2023-10-27T16:12:00","date_gmt":"2023-10-27T19:12:00","guid":{"rendered":"https:\/\/jupi.pe.leg.br\/v3\/?p=2506"},"modified":"2023-10-27T16:12:00","modified_gmt":"2023-10-27T19:12:00","slug":"o-vereador-antonio-liberato-envia-um-requerimento-para-construcao-de-um-salao-comunitario","status":"publish","type":"post","link":"https:\/\/jupi.pe.leg.br\/v3\/o-vereador-antonio-liberato-envia-um-requerimento-para-construcao-de-um-salao-comunitario\/","title":{"rendered":"O Vereador Antonio Liberato, Envia um Requerimento para Constru\u00e7\u00e3o de um Sal\u00e3o Comunit\u00e1rio!"},"content":{"rendered":"<p>O Ver. Ant\u00f4nio Liberato ilumina o caminho de Jupi!<\/p>\n<p>Nossa cidade est\u00e1 no cora\u00e7\u00e3o de um l\u00edder dedicado. O Vereador Antonio Liberato Sobrinho nos brinda com duas propostas incr\u00edveis. Primeiro, a constru\u00e7\u00e3o de um Sal\u00e3o Comunit\u00e1rio ao lado da UBS Jo\u00e3o Monteiro de Freitas, fortalecendo nossa uni\u00e3o e celebrando nossas conquistas.<\/p>\n<p>O Futuro Sustent\u00e1vel de Jupi<\/p>\n<p>Com olhar atento ao meio ambiente, o Ver. Antonio Liberato tamb\u00e9m nos traz a necess\u00e1ria constru\u00e7\u00e3o de uma bueira no S\u00edtio Barro Vermelho, em frente \u00e0 Capela M\u00e3e Rainha. Um passo ecol\u00f3gico vital para proteger nossa cidade de alagamentos e preservar a natureza que amamos.<\/p>\n<p>Celebramos a vis\u00e3o e a\u00e7\u00e3o de Antonio Liberato!<\/p>\n<p>Jupi cresce gra\u00e7as a l\u00edderes como o Ver. Antonio Liberato. Sua dedica\u00e7\u00e3o e comprometimento com a comunidade s\u00e3o exemplos para todos n\u00f3s. Vamos nos unir e apoiar essas transforma\u00e7\u00f5es que tornar\u00e3o nossa cidade ainda mais incr\u00edvel!<\/p>\n<p><img loading=\"lazy\" decoding=\"async\" width=\"662\" height=\"821\" class=\"img-fluid aligncenter size-full wp-image-2507\" src=\"https:\/\/jupi.pe.leg.br\/v3\/wp-content\/uploads\/2023\/10\/Captura-de-tela-2023-10-27-160733.png\" alt=\"\" data-wp-pid=\"2507\" srcset=\"https:\/\/jupi.pe.leg.br\/v3\/wp-content\/uploads\/2023\/10\/Captura-de-tela-2023-10-27-160733.png 662w, https:\/\/jupi.pe.leg.br\/v3\/wp-content\/uploads\/2023\/10\/Captura-de-tela-2023-10-27-160733-242x300.png 242w\" sizes=\"auto, (max-width: 662px) 100vw, 662px\" \/> <img loading=\"lazy\" decoding=\"async\" class=\"img-fluid aligncenter  wp-image-2508\" src=\"https:\/\/jupi.pe.leg.br\/v3\/wp-content\/uploads\/2023\/10\/Captura-de-tela-2023-10-27-160754.png\" alt=\"\" width=\"664\" height=\"873\" data-wp-pid=\"2508\" srcset=\"https:\/\/jupi.pe.leg.br\/v3\/wp-content\/uploads\/2023\/10\/Captura-de-tela-2023-10-27-160754.png 653w, https:\/\/jupi.pe.leg.br\/v3\/wp-content\/uploads\/2023\/10\/Captura-de-tela-2023-10-27-160754-228x300.png 228w\" sizes=\"auto, (max-width: 664px) 100vw, 664px\" \/> <img loading=\"lazy\" decoding=\"async\" class=\"img-fluid aligncenter  wp-image-2509\" src=\"https:\/\/jupi.pe.leg.br\/v3\/wp-content\/uploads\/2023\/10\/Captura-de-tela-2023-10-27-160813.png\" alt=\"\" width=\"665\" height=\"877\" data-wp-pid=\"2509\" srcset=\"https:\/\/jupi.pe.leg.br\/v3\/wp-content\/uploads\/2023\/10\/Captura-de-tela-2023-10-27-160813.png 656w, https:\/\/jupi.pe.leg.br\/v3\/wp-content\/uploads\/2023\/10\/Captura-de-tela-2023-10-27-160813-228x300.png 228w\" sizes=\"auto, (max-width: 665px) 100vw, 665px\" \/><\/p>\n","protected":false},"excerpt":{"rendered":"<p>O Ver. Ant\u00f4nio Liberato ilumina o caminho de Jupi! Nossa cidade est\u00e1 no cora\u00e7\u00e3o de um l\u00edder dedicado. O Vereador Antonio Liberato Sobrinho nos brinda com duas propostas incr\u00edveis. Primeiro, a constru\u00e7\u00e3o de um Sal\u00e3o Comunit\u00e1rio ao lado da UBS <a class=\"leiamais\" href=\"https:\/\/jupi.pe.leg.br\/v3\/o-vereador-antonio-liberato-envia-um-requerimento-para-construcao-de-um-salao-comunitario\/\">VER MAIS <i class=\"fa-solid fa-chevron-right\"><\/i><\/a><\/p>\n","protected":false},"author":2,"featured_media":2507,"comment_status":"open","ping_status":"open","sticky":false,"template":"","format":"standard","meta":{"_acf_changed":false,"footnotes":""},"categories":[4],"tags":[],"class_list":["post-2506","post","type-post","status-publish","format-standard","has-post-thumbnail","hentry","category-noticias","active"],"acf":[],"_links":{"self":[{"href":"https:\/\/jupi.pe.leg.br\/v3\/wp-json\/wp\/v2\/posts\/2506","targetHints":{"allow":["GET"]}}],"collection":[{"href":"https:\/\/jupi.pe.leg.br\/v3\/wp-json\/wp\/v2\/posts"}],"about":[{"href":"https:\/\/jupi.pe.leg.br\/v3\/wp-json\/wp\/v2\/types\/post"}],"author":[{"embeddable":true,"href":"https:\/\/jupi.pe.leg.br\/v3\/wp-json\/wp\/v2\/users\/2"}],"replies":[{"embeddable":true,"href":"https:\/\/jupi.pe.leg.br\/v3\/wp-json\/wp\/v2\/comments?post=2506"}],"version-history":[{"count":0,"href":"https:\/\/jupi.pe.leg.br\/v3\/wp-json\/wp\/v2\/posts\/2506\/revisions"}],"wp:featuredmedia":[{"embeddable":true,"href":"https:\/\/jupi.pe.leg.br\/v3\/wp-json\/wp\/v2\/media\/2507"}],"wp:attachment":[{"href":"https:\/\/jupi.pe.leg.br\/v3\/wp-json\/wp\/v2\/media?parent=2506"}],"wp:term":[{"taxonomy":"category","embeddable":true,"href":"https:\/\/jupi.pe.leg.br\/v3\/wp-json\/wp\/v2\/categories?post=2506"},{"taxonomy":"post_tag","embeddable":true,"href":"https:\/\/jupi.pe.leg.br\/v3\/wp-json\/wp\/v2\/tags?post=2506"}],"curies":[{"name":"wp","href":"https:\/\/api.w.org\/{rel}","templated":true}]}}