{"id":2500,"date":"2023-10-27T16:05:31","date_gmt":"2023-10-27T19:05:31","guid":{"rendered":"https:\/\/jupi.pe.leg.br\/v3\/?p=2500"},"modified":"2023-10-27T16:06:37","modified_gmt":"2023-10-27T19:06:37","slug":"2500-2","status":"publish","type":"post","link":"https:\/\/jupi.pe.leg.br\/v3\/2500-2\/","title":{"rendered":"A C\u00e2mara de Jupi brilha como nunca, Sob a lideran\u00e7a inspiradora do Vereador e Presidente L\u00eadson Liberato!"},"content":{"rendered":"<p>A C\u00e2mara de Jupi brilha como nunca!<\/p>\n<p>Em sua busca constante pela conex\u00e3o com o povo, a Casa Zulmiro Guilherme se destaca no poder legislativo. Sob a lideran\u00e7a inspiradora do Vereador e Presidente L\u00eadson Liberato, cada dia \u00e9 uma oportunidade de aprimorar a proximidade entre a casa do povo e a comunidade!<\/p>\n<p>Com dedica\u00e7\u00e3o incans\u00e1vel, a C\u00e2mara de Jupi se tornou um farol de representa\u00e7\u00e3o!\u00a0L\u00eadson Liberato, nosso Vereador Presidente, \u00e9 a for\u00e7a motriz por tr\u00e1s dessa conex\u00e3o especial entre o poder legislativo e a comunidade que representa.<\/p>\n<p>Vamos construir juntos um futuro brilhante!\u00a0 Na C\u00e2mara de Jupi, a palavra \u00e9 do povo!<\/p>\n<p>Juntos, estamos construindo um futuro de progresso e harmonia.<\/p>\n<div style=\"width: 1080px;\" class=\"wp-video\"><video class=\"wp-video-shortcode\" id=\"video-2500-1\" width=\"1080\" height=\"1920\" preload=\"metadata\" controls=\"controls\"><source type=\"video\/mp4\" src=\"https:\/\/jupi.pe.leg.br\/v3\/wp-content\/uploads\/2023\/10\/A-Camara-de-Jupi-brilha-como-nunca.mp4?_=1\" \/><a href=\"https:\/\/jupi.pe.leg.br\/v3\/wp-content\/uploads\/2023\/10\/A-Camara-de-Jupi-brilha-como-nunca.mp4\">https:\/\/jupi.pe.leg.br\/v3\/wp-content\/uploads\/2023\/10\/A-Camara-de-Jupi-brilha-como-nunca.mp4<\/a><\/video><\/div>\n","protected":false},"excerpt":{"rendered":"<p>A C\u00e2mara de Jupi brilha como nunca! Em sua busca constante pela conex\u00e3o com o povo, a Casa Zulmiro Guilherme se destaca no poder legislativo. Sob a lideran\u00e7a inspiradora do Vereador e Presidente L\u00eadson Liberato, cada dia \u00e9 uma oportunidade <a class=\"leiamais\" href=\"https:\/\/jupi.pe.leg.br\/v3\/2500-2\/\">VER MAIS <i class=\"fa-solid fa-chevron-right\"><\/i><\/a><\/p>\n","protected":false},"author":2,"featured_media":2502,"comment_status":"open","ping_status":"open","sticky":false,"template":"","format":"standard","meta":{"_acf_changed":false,"footnotes":""},"categories":[4],"tags":[],"class_list":["post-2500","post","type-post","status-publish","format-standard","has-post-thumbnail","hentry","category-noticias","active"],"acf":[],"_links":{"self":[{"href":"https:\/\/jupi.pe.leg.br\/v3\/wp-json\/wp\/v2\/posts\/2500","targetHints":{"allow":["GET"]}}],"collection":[{"href":"https:\/\/jupi.pe.leg.br\/v3\/wp-json\/wp\/v2\/posts"}],"about":[{"href":"https:\/\/jupi.pe.leg.br\/v3\/wp-json\/wp\/v2\/types\/post"}],"author":[{"embeddable":true,"href":"https:\/\/jupi.pe.leg.br\/v3\/wp-json\/wp\/v2\/users\/2"}],"replies":[{"embeddable":true,"href":"https:\/\/jupi.pe.leg.br\/v3\/wp-json\/wp\/v2\/comments?post=2500"}],"version-history":[{"count":0,"href":"https:\/\/jupi.pe.leg.br\/v3\/wp-json\/wp\/v2\/posts\/2500\/revisions"}],"wp:featuredmedia":[{"embeddable":true,"href":"https:\/\/jupi.pe.leg.br\/v3\/wp-json\/wp\/v2\/media\/2502"}],"wp:attachment":[{"href":"https:\/\/jupi.pe.leg.br\/v3\/wp-json\/wp\/v2\/media?parent=2500"}],"wp:term":[{"taxonomy":"category","embeddable":true,"href":"https:\/\/jupi.pe.leg.br\/v3\/wp-json\/wp\/v2\/categories?post=2500"},{"taxonomy":"post_tag","embeddable":true,"href":"https:\/\/jupi.pe.leg.br\/v3\/wp-json\/wp\/v2\/tags?post=2500"}],"curies":[{"name":"wp","href":"https:\/\/api.w.org\/{rel}","templated":true}]}}