{"id":2495,"date":"2023-10-27T15:58:07","date_gmt":"2023-10-27T18:58:07","guid":{"rendered":"https:\/\/jupi.pe.leg.br\/v3\/?p=2495"},"modified":"2023-10-27T15:58:07","modified_gmt":"2023-10-27T18:58:07","slug":"o-vereador-fabio-da-raposa-envia-dois-requerimentos-de-muita-importancia-para-area-rural-do-nosso-municipio","status":"publish","type":"post","link":"https:\/\/jupi.pe.leg.br\/v3\/o-vereador-fabio-da-raposa-envia-dois-requerimentos-de-muita-importancia-para-area-rural-do-nosso-municipio\/","title":{"rendered":"\u00a0O Vereador F\u00e1bio da Raposa, Envia dois Requerimentos de muita Import\u00e2ncia para \u00e1rea rural do nosso munic\u00edpio!"},"content":{"rendered":"<p>Grandes not\u00edcias para nossa comunidade rural!<\/p>\n<p>O Vereador F\u00e1bio da Raposa est\u00e1 lutando incansavelmente por melhorias em nossas estradas, e agora, gra\u00e7as \u00e0 sua dedica\u00e7\u00e3o e \u00e0 gest\u00e3o exemplar do Prefeito Ant\u00f4nio Marcos Patriota, estamos mais perto do progresso do que nunca!<\/p>\n<p>Com o Requerimento n\u00b0 137\/2023, nossa esperan\u00e7a est\u00e1 renovada! Estamos prontos para ver as drenagens e a coloca\u00e7\u00e3o de metralhas em estradas cruciais, como S\u00edtio Minas, Areias, Marmeleiro e V\u00e1rzea da Raposa.<\/p>\n<p>Isso significa que mais seguran\u00e7a e facilidade de acesso est\u00e3o a caminho para nossas comunidades rurais.<\/p>\n<p>E com o Requerimento n\u00b0 138\/2023, teremos um levantamento completo das estradas que precisam de bueiros, como Grot\u00e3o, Pau Ferro, Raposa e Barro Vermelho.<\/p>\n<p>A a\u00e7\u00e3o conjunta do Vereador F\u00e1bio da Raposa e do Prefeito Marcos Patriota nos enche de alegria e esperan\u00e7a para um futuro melhor para todos n\u00f3s!<\/p>\n<p><img loading=\"lazy\" decoding=\"async\" width=\"674\" height=\"847\" class=\"img-fluid aligncenter size-full wp-image-2496\" src=\"https:\/\/jupi.pe.leg.br\/v3\/wp-content\/uploads\/2023\/10\/Captura-de-tela-2023-10-27-155040.png\" alt=\"\" data-wp-pid=\"2496\" srcset=\"https:\/\/jupi.pe.leg.br\/v3\/wp-content\/uploads\/2023\/10\/Captura-de-tela-2023-10-27-155040.png 674w, https:\/\/jupi.pe.leg.br\/v3\/wp-content\/uploads\/2023\/10\/Captura-de-tela-2023-10-27-155040-239x300.png 239w\" sizes=\"auto, (max-width: 674px) 100vw, 674px\" \/> <img loading=\"lazy\" decoding=\"async\" class=\"img-fluid aligncenter  wp-image-2497\" src=\"https:\/\/jupi.pe.leg.br\/v3\/wp-content\/uploads\/2023\/10\/Captura-de-tela-2023-10-27-155107.png\" alt=\"\" width=\"675\" height=\"904\" data-wp-pid=\"2497\" srcset=\"https:\/\/jupi.pe.leg.br\/v3\/wp-content\/uploads\/2023\/10\/Captura-de-tela-2023-10-27-155107.png 642w, https:\/\/jupi.pe.leg.br\/v3\/wp-content\/uploads\/2023\/10\/Captura-de-tela-2023-10-27-155107-224x300.png 224w\" sizes=\"auto, (max-width: 675px) 100vw, 675px\" \/> <img loading=\"lazy\" decoding=\"async\" class=\"img-fluid aligncenter  wp-image-2498\" src=\"https:\/\/jupi.pe.leg.br\/v3\/wp-content\/uploads\/2023\/10\/Captura-de-tela-2023-10-27-155123.png\" alt=\"\" width=\"673\" height=\"883\" data-wp-pid=\"2498\" srcset=\"https:\/\/jupi.pe.leg.br\/v3\/wp-content\/uploads\/2023\/10\/Captura-de-tela-2023-10-27-155123.png 656w, https:\/\/jupi.pe.leg.br\/v3\/wp-content\/uploads\/2023\/10\/Captura-de-tela-2023-10-27-155123-229x300.png 229w\" sizes=\"auto, (max-width: 673px) 100vw, 673px\" \/><\/p>\n","protected":false},"excerpt":{"rendered":"<p>Grandes not\u00edcias para nossa comunidade rural! O Vereador F\u00e1bio da Raposa est\u00e1 lutando incansavelmente por melhorias em nossas estradas, e agora, gra\u00e7as \u00e0 sua dedica\u00e7\u00e3o e \u00e0 gest\u00e3o exemplar do Prefeito Ant\u00f4nio Marcos Patriota, estamos mais perto do progresso do <a class=\"leiamais\" href=\"https:\/\/jupi.pe.leg.br\/v3\/o-vereador-fabio-da-raposa-envia-dois-requerimentos-de-muita-importancia-para-area-rural-do-nosso-municipio\/\">VER MAIS <i class=\"fa-solid fa-chevron-right\"><\/i><\/a><\/p>\n","protected":false},"author":2,"featured_media":2496,"comment_status":"open","ping_status":"open","sticky":false,"template":"","format":"standard","meta":{"_acf_changed":false,"footnotes":""},"categories":[4],"tags":[],"class_list":["post-2495","post","type-post","status-publish","format-standard","has-post-thumbnail","hentry","category-noticias","active"],"acf":[],"_links":{"self":[{"href":"https:\/\/jupi.pe.leg.br\/v3\/wp-json\/wp\/v2\/posts\/2495","targetHints":{"allow":["GET"]}}],"collection":[{"href":"https:\/\/jupi.pe.leg.br\/v3\/wp-json\/wp\/v2\/posts"}],"about":[{"href":"https:\/\/jupi.pe.leg.br\/v3\/wp-json\/wp\/v2\/types\/post"}],"author":[{"embeddable":true,"href":"https:\/\/jupi.pe.leg.br\/v3\/wp-json\/wp\/v2\/users\/2"}],"replies":[{"embeddable":true,"href":"https:\/\/jupi.pe.leg.br\/v3\/wp-json\/wp\/v2\/comments?post=2495"}],"version-history":[{"count":0,"href":"https:\/\/jupi.pe.leg.br\/v3\/wp-json\/wp\/v2\/posts\/2495\/revisions"}],"wp:featuredmedia":[{"embeddable":true,"href":"https:\/\/jupi.pe.leg.br\/v3\/wp-json\/wp\/v2\/media\/2496"}],"wp:attachment":[{"href":"https:\/\/jupi.pe.leg.br\/v3\/wp-json\/wp\/v2\/media?parent=2495"}],"wp:term":[{"taxonomy":"category","embeddable":true,"href":"https:\/\/jupi.pe.leg.br\/v3\/wp-json\/wp\/v2\/categories?post=2495"},{"taxonomy":"post_tag","embeddable":true,"href":"https:\/\/jupi.pe.leg.br\/v3\/wp-json\/wp\/v2\/tags?post=2495"}],"curies":[{"name":"wp","href":"https:\/\/api.w.org\/{rel}","templated":true}]}}