{"id":2490,"date":"2023-10-27T15:49:53","date_gmt":"2023-10-27T18:49:53","guid":{"rendered":"https:\/\/jupi.pe.leg.br\/v3\/?p=2490"},"modified":"2023-10-27T15:49:53","modified_gmt":"2023-10-27T18:49:53","slug":"vereadora-rezilda-apresenta-dois-requerimentos-incriveis-que-estao-em-destaque","status":"publish","type":"post","link":"https:\/\/jupi.pe.leg.br\/v3\/vereadora-rezilda-apresenta-dois-requerimentos-incriveis-que-estao-em-destaque\/","title":{"rendered":"Vereadora Rezilda Apresenta dois requerimentos incr\u00edveis que est\u00e3o em destaque!\u00a0"},"content":{"rendered":"<p>Vereadora Rezilda brilha na C\u00e2mara de Jupi!<\/p>\n<p>Dois requerimentos incr\u00edveis est\u00e3o em destaque!<\/p>\n<p>Primeiro, nosso cora\u00e7\u00e3o se enche de alegria ao ver a vereadora Rezilda em a\u00e7\u00e3o, pedindo a manuten\u00e7\u00e3o dos brinquedos nas pra\u00e7as da cidade! \u00c9 sobre divers\u00e3o, seguran\u00e7a e cuidado com nossas crian\u00e7as!<\/p>\n<p>E a\u00ed, o que dizer do segundo requerimento? A vereadora \u00e9 incans\u00e1vel! Agora, ela pede por contentores e lixeiras padronizados em pontos estrat\u00e9gicos da cidade, para manter Jupi limpa e organizada. \u00c9 compromisso com o futuro e o presente!<\/p>\n<p><img loading=\"lazy\" decoding=\"async\" width=\"674\" height=\"845\" class=\"img-fluid aligncenter size-full wp-image-2491\" src=\"https:\/\/jupi.pe.leg.br\/v3\/wp-content\/uploads\/2023\/10\/Captura-de-tela-2023-10-27-154656.png\" alt=\"\" data-wp-pid=\"2491\" srcset=\"https:\/\/jupi.pe.leg.br\/v3\/wp-content\/uploads\/2023\/10\/Captura-de-tela-2023-10-27-154656.png 674w, https:\/\/jupi.pe.leg.br\/v3\/wp-content\/uploads\/2023\/10\/Captura-de-tela-2023-10-27-154656-239x300.png 239w\" sizes=\"auto, (max-width: 674px) 100vw, 674px\" \/> <img loading=\"lazy\" decoding=\"async\" class=\"img-fluid aligncenter  wp-image-2492\" src=\"https:\/\/jupi.pe.leg.br\/v3\/wp-content\/uploads\/2023\/10\/Captura-de-tela-2023-10-27-154722.png\" alt=\"\" width=\"675\" height=\"796\" data-wp-pid=\"2492\" srcset=\"https:\/\/jupi.pe.leg.br\/v3\/wp-content\/uploads\/2023\/10\/Captura-de-tela-2023-10-27-154722.png 647w, https:\/\/jupi.pe.leg.br\/v3\/wp-content\/uploads\/2023\/10\/Captura-de-tela-2023-10-27-154722-254x300.png 254w\" sizes=\"auto, (max-width: 675px) 100vw, 675px\" \/> <img loading=\"lazy\" decoding=\"async\" class=\"img-fluid aligncenter  wp-image-2493\" src=\"https:\/\/jupi.pe.leg.br\/v3\/wp-content\/uploads\/2023\/10\/Captura-de-tela-2023-10-27-154746.png\" alt=\"\" width=\"673\" height=\"878\" data-wp-pid=\"2493\" srcset=\"https:\/\/jupi.pe.leg.br\/v3\/wp-content\/uploads\/2023\/10\/Captura-de-tela-2023-10-27-154746.png 659w, https:\/\/jupi.pe.leg.br\/v3\/wp-content\/uploads\/2023\/10\/Captura-de-tela-2023-10-27-154746-230x300.png 230w\" sizes=\"auto, (max-width: 673px) 100vw, 673px\" \/><\/p>\n","protected":false},"excerpt":{"rendered":"<p>Vereadora Rezilda brilha na C\u00e2mara de Jupi! Dois requerimentos incr\u00edveis est\u00e3o em destaque! Primeiro, nosso cora\u00e7\u00e3o se enche de alegria ao ver a vereadora Rezilda em a\u00e7\u00e3o, pedindo a manuten\u00e7\u00e3o dos brinquedos nas pra\u00e7as da cidade! \u00c9 sobre divers\u00e3o, seguran\u00e7a <a class=\"leiamais\" href=\"https:\/\/jupi.pe.leg.br\/v3\/vereadora-rezilda-apresenta-dois-requerimentos-incriveis-que-estao-em-destaque\/\">VER MAIS <i class=\"fa-solid fa-chevron-right\"><\/i><\/a><\/p>\n","protected":false},"author":2,"featured_media":2491,"comment_status":"open","ping_status":"open","sticky":false,"template":"","format":"standard","meta":{"_acf_changed":false,"footnotes":""},"categories":[4],"tags":[],"class_list":["post-2490","post","type-post","status-publish","format-standard","has-post-thumbnail","hentry","category-noticias","active"],"acf":[],"_links":{"self":[{"href":"https:\/\/jupi.pe.leg.br\/v3\/wp-json\/wp\/v2\/posts\/2490","targetHints":{"allow":["GET"]}}],"collection":[{"href":"https:\/\/jupi.pe.leg.br\/v3\/wp-json\/wp\/v2\/posts"}],"about":[{"href":"https:\/\/jupi.pe.leg.br\/v3\/wp-json\/wp\/v2\/types\/post"}],"author":[{"embeddable":true,"href":"https:\/\/jupi.pe.leg.br\/v3\/wp-json\/wp\/v2\/users\/2"}],"replies":[{"embeddable":true,"href":"https:\/\/jupi.pe.leg.br\/v3\/wp-json\/wp\/v2\/comments?post=2490"}],"version-history":[{"count":0,"href":"https:\/\/jupi.pe.leg.br\/v3\/wp-json\/wp\/v2\/posts\/2490\/revisions"}],"wp:featuredmedia":[{"embeddable":true,"href":"https:\/\/jupi.pe.leg.br\/v3\/wp-json\/wp\/v2\/media\/2491"}],"wp:attachment":[{"href":"https:\/\/jupi.pe.leg.br\/v3\/wp-json\/wp\/v2\/media?parent=2490"}],"wp:term":[{"taxonomy":"category","embeddable":true,"href":"https:\/\/jupi.pe.leg.br\/v3\/wp-json\/wp\/v2\/categories?post=2490"},{"taxonomy":"post_tag","embeddable":true,"href":"https:\/\/jupi.pe.leg.br\/v3\/wp-json\/wp\/v2\/tags?post=2490"}],"curies":[{"name":"wp","href":"https:\/\/api.w.org\/{rel}","templated":true}]}}