{"id":2483,"date":"2023-10-27T15:45:55","date_gmt":"2023-10-27T18:45:55","guid":{"rendered":"https:\/\/jupi.pe.leg.br\/v3\/?p=2483"},"modified":"2023-10-27T15:45:55","modified_gmt":"2023-10-27T18:45:55","slug":"nossa-fe-nos-une-e-a-presenca-dos-vereadores-na-missa-e-um-testemunho-de-nossa-devocao","status":"publish","type":"post","link":"https:\/\/jupi.pe.leg.br\/v3\/nossa-fe-nos-une-e-a-presenca-dos-vereadores-na-missa-e-um-testemunho-de-nossa-devocao\/","title":{"rendered":"Nossa f\u00e9 nos une, e a presen\u00e7a dos vereadores na missa \u00e9 um testemunho de nossa devo\u00e7\u00e3o."},"content":{"rendered":"<p>Uma semana cheia de luz e f\u00e9!<\/p>\n<p>Nossa querida padroeira, Nossa Senhora do Ros\u00e1rio, iluminou Jupi com sua presen\u00e7a e amor. Foi incr\u00edvel ver nossos vereadores na missa, unidos na devo\u00e7\u00e3o e prestigiando este momento t\u00e3o especial para nossa cidade.<\/p>\n<p>Nossa Senhora do Ros\u00e1rio, aben\u00e7oe nossa comunidade com sua prote\u00e7\u00e3o eterna.<\/p>\n<p>A presen\u00e7a dos vereadores na missa trouxe um caloroso abra\u00e7o de uni\u00e3o, mostrando como somos fortes quando estamos juntos. Que essa semana da Padroeira nos inspire a continuar a espalhar amor e compaix\u00e3o por toda Jupi.<\/p>\n<p>Nossa f\u00e9 nos une, e a presen\u00e7a dos vereadores na missa \u00e9 um testemunho de nossa devo\u00e7\u00e3o.<\/p>\n<p>Que Nossa Senhora do Ros\u00e1rio continue a guiar e aben\u00e7oar Jupi com sua gra\u00e7a. Esta semana de celebra\u00e7\u00e3o nos enche de esperan\u00e7a e gratid\u00e3o, fortalecendo nossa conex\u00e3o como uma comunidade unida.<\/p>\n<p><img loading=\"lazy\" decoding=\"async\" width=\"844\" height=\"853\" class=\"img-fluid aligncenter size-full wp-image-2484\" src=\"https:\/\/jupi.pe.leg.br\/v3\/wp-content\/uploads\/2023\/10\/Captura-de-tela-2023-10-27-153516-1.png\" alt=\"\" data-wp-pid=\"2484\" srcset=\"https:\/\/jupi.pe.leg.br\/v3\/wp-content\/uploads\/2023\/10\/Captura-de-tela-2023-10-27-153516-1.png 844w, https:\/\/jupi.pe.leg.br\/v3\/wp-content\/uploads\/2023\/10\/Captura-de-tela-2023-10-27-153516-1-297x300.png 297w, https:\/\/jupi.pe.leg.br\/v3\/wp-content\/uploads\/2023\/10\/Captura-de-tela-2023-10-27-153516-1-768x776.png 768w\" sizes=\"auto, (max-width: 844px) 100vw, 844px\" \/> <img loading=\"lazy\" decoding=\"async\" class=\"img-fluid aligncenter  wp-image-2485\" src=\"https:\/\/jupi.pe.leg.br\/v3\/wp-content\/uploads\/2023\/10\/Captura-de-tela-2023-10-27-154157.png\" alt=\"\" width=\"843\" height=\"876\" data-wp-pid=\"2485\" srcset=\"https:\/\/jupi.pe.leg.br\/v3\/wp-content\/uploads\/2023\/10\/Captura-de-tela-2023-10-27-154157.png 834w, https:\/\/jupi.pe.leg.br\/v3\/wp-content\/uploads\/2023\/10\/Captura-de-tela-2023-10-27-154157-289x300.png 289w, https:\/\/jupi.pe.leg.br\/v3\/wp-content\/uploads\/2023\/10\/Captura-de-tela-2023-10-27-154157-768x798.png 768w\" sizes=\"auto, (max-width: 843px) 100vw, 843px\" \/> <img loading=\"lazy\" decoding=\"async\" class=\"img-fluid aligncenter  wp-image-2486\" src=\"https:\/\/jupi.pe.leg.br\/v3\/wp-content\/uploads\/2023\/10\/Captura-de-tela-2023-10-27-154219.png\" alt=\"\" width=\"843\" height=\"884\" data-wp-pid=\"2486\" srcset=\"https:\/\/jupi.pe.leg.br\/v3\/wp-content\/uploads\/2023\/10\/Captura-de-tela-2023-10-27-154219.png 823w, https:\/\/jupi.pe.leg.br\/v3\/wp-content\/uploads\/2023\/10\/Captura-de-tela-2023-10-27-154219-286x300.png 286w, https:\/\/jupi.pe.leg.br\/v3\/wp-content\/uploads\/2023\/10\/Captura-de-tela-2023-10-27-154219-768x805.png 768w\" sizes=\"auto, (max-width: 843px) 100vw, 843px\" \/> <img loading=\"lazy\" decoding=\"async\" class=\"img-fluid aligncenter  wp-image-2487\" src=\"https:\/\/jupi.pe.leg.br\/v3\/wp-content\/uploads\/2023\/10\/Captura-de-tela-2023-10-27-154241.png\" alt=\"\" width=\"844\" height=\"890\" data-wp-pid=\"2487\" srcset=\"https:\/\/jupi.pe.leg.br\/v3\/wp-content\/uploads\/2023\/10\/Captura-de-tela-2023-10-27-154241.png 817w, https:\/\/jupi.pe.leg.br\/v3\/wp-content\/uploads\/2023\/10\/Captura-de-tela-2023-10-27-154241-284x300.png 284w, https:\/\/jupi.pe.leg.br\/v3\/wp-content\/uploads\/2023\/10\/Captura-de-tela-2023-10-27-154241-768x810.png 768w\" sizes=\"auto, (max-width: 844px) 100vw, 844px\" \/> <img loading=\"lazy\" decoding=\"async\" class=\"img-fluid aligncenter  wp-image-2488\" src=\"https:\/\/jupi.pe.leg.br\/v3\/wp-content\/uploads\/2023\/10\/Captura-de-tela-2023-10-27-154309.png\" alt=\"\" width=\"844\" height=\"876\" data-wp-pid=\"2488\" srcset=\"https:\/\/jupi.pe.leg.br\/v3\/wp-content\/uploads\/2023\/10\/Captura-de-tela-2023-10-27-154309.png 826w, https:\/\/jupi.pe.leg.br\/v3\/wp-content\/uploads\/2023\/10\/Captura-de-tela-2023-10-27-154309-289x300.png 289w, https:\/\/jupi.pe.leg.br\/v3\/wp-content\/uploads\/2023\/10\/Captura-de-tela-2023-10-27-154309-768x797.png 768w\" sizes=\"auto, (max-width: 844px) 100vw, 844px\" \/><\/p>\n<p>&nbsp;<\/p>\n","protected":false},"excerpt":{"rendered":"<p>Uma semana cheia de luz e f\u00e9! Nossa querida padroeira, Nossa Senhora do Ros\u00e1rio, iluminou Jupi com sua presen\u00e7a e amor. Foi incr\u00edvel ver nossos vereadores na missa, unidos na devo\u00e7\u00e3o e prestigiando este momento t\u00e3o especial para nossa cidade. <a class=\"leiamais\" href=\"https:\/\/jupi.pe.leg.br\/v3\/nossa-fe-nos-une-e-a-presenca-dos-vereadores-na-missa-e-um-testemunho-de-nossa-devocao\/\">VER MAIS <i class=\"fa-solid fa-chevron-right\"><\/i><\/a><\/p>\n","protected":false},"author":2,"featured_media":2484,"comment_status":"open","ping_status":"open","sticky":false,"template":"","format":"standard","meta":{"_acf_changed":false,"footnotes":""},"categories":[4],"tags":[],"class_list":["post-2483","post","type-post","status-publish","format-standard","has-post-thumbnail","hentry","category-noticias","active"],"acf":[],"_links":{"self":[{"href":"https:\/\/jupi.pe.leg.br\/v3\/wp-json\/wp\/v2\/posts\/2483","targetHints":{"allow":["GET"]}}],"collection":[{"href":"https:\/\/jupi.pe.leg.br\/v3\/wp-json\/wp\/v2\/posts"}],"about":[{"href":"https:\/\/jupi.pe.leg.br\/v3\/wp-json\/wp\/v2\/types\/post"}],"author":[{"embeddable":true,"href":"https:\/\/jupi.pe.leg.br\/v3\/wp-json\/wp\/v2\/users\/2"}],"replies":[{"embeddable":true,"href":"https:\/\/jupi.pe.leg.br\/v3\/wp-json\/wp\/v2\/comments?post=2483"}],"version-history":[{"count":0,"href":"https:\/\/jupi.pe.leg.br\/v3\/wp-json\/wp\/v2\/posts\/2483\/revisions"}],"wp:featuredmedia":[{"embeddable":true,"href":"https:\/\/jupi.pe.leg.br\/v3\/wp-json\/wp\/v2\/media\/2484"}],"wp:attachment":[{"href":"https:\/\/jupi.pe.leg.br\/v3\/wp-json\/wp\/v2\/media?parent=2483"}],"wp:term":[{"taxonomy":"category","embeddable":true,"href":"https:\/\/jupi.pe.leg.br\/v3\/wp-json\/wp\/v2\/categories?post=2483"},{"taxonomy":"post_tag","embeddable":true,"href":"https:\/\/jupi.pe.leg.br\/v3\/wp-json\/wp\/v2\/tags?post=2483"}],"curies":[{"name":"wp","href":"https:\/\/api.w.org\/{rel}","templated":true}]}}