{"id":2478,"date":"2023-10-27T15:40:03","date_gmt":"2023-10-27T18:40:03","guid":{"rendered":"https:\/\/jupi.pe.leg.br\/v3\/?p=2478"},"modified":"2023-10-27T15:40:03","modified_gmt":"2023-10-27T18:40:03","slug":"o-vereador-luiz-ricardo-pede-a-pavimentacao-das-estradas-e-a-inclusao-da-festa-de-santo-expedito","status":"publish","type":"post","link":"https:\/\/jupi.pe.leg.br\/v3\/o-vereador-luiz-ricardo-pede-a-pavimentacao-das-estradas-e-a-inclusao-da-festa-de-santo-expedito\/","title":{"rendered":"O\u00a0Vereador Luiz Ricardo, Pede a pavimenta\u00e7\u00e3o das estradas e a Inclus\u00e3o da Festa de Santo Expedito!"},"content":{"rendered":"<p>Vereador Luiz Ricardo, um verdadeiro defensor de nossa comunidade!<\/p>\n<p>Seus requerimentos (n\u00b0126 e n\u00b0127) s\u00e3o como pontes que nos ligam ao futuro.<\/p>\n<p>Com a pavimenta\u00e7\u00e3o das estradas, estamos construindo caminhos s\u00f3lidos para o progresso, enquanto a festa de Santo Expedito nos mant\u00e9m unidos, celebrando nossas ra\u00edzes<\/p>\n<p>Juntos, estamos moldando um Jupi mais forte e vibrante!<\/p>\n<p>&nbsp;<\/p>\n<p><img loading=\"lazy\" decoding=\"async\" width=\"675\" height=\"856\" class=\"img-fluid aligncenter size-full wp-image-2479\" src=\"https:\/\/jupi.pe.leg.br\/v3\/wp-content\/uploads\/2023\/10\/Captura-de-tela-2023-10-27-153154-1.png\" alt=\"\" data-wp-pid=\"2479\" srcset=\"https:\/\/jupi.pe.leg.br\/v3\/wp-content\/uploads\/2023\/10\/Captura-de-tela-2023-10-27-153154-1.png 675w, https:\/\/jupi.pe.leg.br\/v3\/wp-content\/uploads\/2023\/10\/Captura-de-tela-2023-10-27-153154-1-237x300.png 237w\" sizes=\"auto, (max-width: 675px) 100vw, 675px\" \/> <img loading=\"lazy\" decoding=\"async\" class=\"img-fluid aligncenter  wp-image-2480\" src=\"https:\/\/jupi.pe.leg.br\/v3\/wp-content\/uploads\/2023\/10\/Captura-de-tela-2023-10-27-153438.png\" alt=\"\" width=\"675\" height=\"915\" data-wp-pid=\"2480\" srcset=\"https:\/\/jupi.pe.leg.br\/v3\/wp-content\/uploads\/2023\/10\/Captura-de-tela-2023-10-27-153438.png 640w, https:\/\/jupi.pe.leg.br\/v3\/wp-content\/uploads\/2023\/10\/Captura-de-tela-2023-10-27-153438-221x300.png 221w\" sizes=\"auto, (max-width: 675px) 100vw, 675px\" \/> <img loading=\"lazy\" decoding=\"async\" class=\"img-fluid aligncenter  wp-image-2481\" src=\"https:\/\/jupi.pe.leg.br\/v3\/wp-content\/uploads\/2023\/10\/Captura-de-tela-2023-10-27-153516.png\" alt=\"\" width=\"673\" height=\"864\" data-wp-pid=\"2481\" srcset=\"https:\/\/jupi.pe.leg.br\/v3\/wp-content\/uploads\/2023\/10\/Captura-de-tela-2023-10-27-153516.png 671w, https:\/\/jupi.pe.leg.br\/v3\/wp-content\/uploads\/2023\/10\/Captura-de-tela-2023-10-27-153516-234x300.png 234w\" sizes=\"auto, (max-width: 673px) 100vw, 673px\" \/><\/p>\n","protected":false},"excerpt":{"rendered":"<p>Vereador Luiz Ricardo, um verdadeiro defensor de nossa comunidade! Seus requerimentos (n\u00b0126 e n\u00b0127) s\u00e3o como pontes que nos ligam ao futuro. Com a pavimenta\u00e7\u00e3o das estradas, estamos construindo caminhos s\u00f3lidos para o progresso, enquanto a festa de Santo Expedito <a class=\"leiamais\" href=\"https:\/\/jupi.pe.leg.br\/v3\/o-vereador-luiz-ricardo-pede-a-pavimentacao-das-estradas-e-a-inclusao-da-festa-de-santo-expedito\/\">VER MAIS <i class=\"fa-solid fa-chevron-right\"><\/i><\/a><\/p>\n","protected":false},"author":2,"featured_media":2479,"comment_status":"open","ping_status":"open","sticky":false,"template":"","format":"standard","meta":{"_acf_changed":false,"footnotes":""},"categories":[4],"tags":[],"class_list":["post-2478","post","type-post","status-publish","format-standard","has-post-thumbnail","hentry","category-noticias","active"],"acf":[],"_links":{"self":[{"href":"https:\/\/jupi.pe.leg.br\/v3\/wp-json\/wp\/v2\/posts\/2478","targetHints":{"allow":["GET"]}}],"collection":[{"href":"https:\/\/jupi.pe.leg.br\/v3\/wp-json\/wp\/v2\/posts"}],"about":[{"href":"https:\/\/jupi.pe.leg.br\/v3\/wp-json\/wp\/v2\/types\/post"}],"author":[{"embeddable":true,"href":"https:\/\/jupi.pe.leg.br\/v3\/wp-json\/wp\/v2\/users\/2"}],"replies":[{"embeddable":true,"href":"https:\/\/jupi.pe.leg.br\/v3\/wp-json\/wp\/v2\/comments?post=2478"}],"version-history":[{"count":0,"href":"https:\/\/jupi.pe.leg.br\/v3\/wp-json\/wp\/v2\/posts\/2478\/revisions"}],"wp:featuredmedia":[{"embeddable":true,"href":"https:\/\/jupi.pe.leg.br\/v3\/wp-json\/wp\/v2\/media\/2479"}],"wp:attachment":[{"href":"https:\/\/jupi.pe.leg.br\/v3\/wp-json\/wp\/v2\/media?parent=2478"}],"wp:term":[{"taxonomy":"category","embeddable":true,"href":"https:\/\/jupi.pe.leg.br\/v3\/wp-json\/wp\/v2\/categories?post=2478"},{"taxonomy":"post_tag","embeddable":true,"href":"https:\/\/jupi.pe.leg.br\/v3\/wp-json\/wp\/v2\/tags?post=2478"}],"curies":[{"name":"wp","href":"https:\/\/api.w.org\/{rel}","templated":true}]}}