{"id":2474,"date":"2023-10-27T15:30:28","date_gmt":"2023-10-27T18:30:28","guid":{"rendered":"https:\/\/jupi.pe.leg.br\/v3\/?p=2474"},"modified":"2023-10-27T15:32:36","modified_gmt":"2023-10-27T18:32:36","slug":"o-vereador-paulo-cesar-esta-destacando-a-importancia-da-aquisicao-de-17-ensiladeiras-para-nossas-associacoes-comunitarias-rurais","status":"publish","type":"post","link":"https:\/\/jupi.pe.leg.br\/v3\/o-vereador-paulo-cesar-esta-destacando-a-importancia-da-aquisicao-de-17-ensiladeiras-para-nossas-associacoes-comunitarias-rurais\/","title":{"rendered":"O Vereador Paulo C\u00e9sar est\u00e1 Destacando a import\u00e2ncia da aquisi\u00e7\u00e3o de 17 Ensiladeiras para nossas Associa\u00e7\u00f5es Comunit\u00e1rias Rurais."},"content":{"rendered":"<p>Parab\u00e9ns ao Vereador Paulo C\u00e9sar Cordeiro Vilela por seu incans\u00e1vel comprometimento com o nosso munic\u00edpio!<\/p>\n<p>Neste requerimento n\u00ba 130\/2023, ele destaca a import\u00e2ncia da aquisi\u00e7\u00e3o de 17 Ensiladeiras para nossas Associa\u00e7\u00f5es Comunit\u00e1rias Rurais.<\/p>\n<p>Vamos juntos, com a energia positiva do Vereador, promover o desenvolvimento de nossa comunidade!<\/p>\n<div style=\"width: 1080px;\" class=\"wp-video\"><video class=\"wp-video-shortcode\" id=\"video-2474-1\" width=\"1080\" height=\"1920\" preload=\"metadata\" controls=\"controls\"><source type=\"video\/mp4\" src=\"https:\/\/jupi.pe.leg.br\/v3\/wp-content\/uploads\/2023\/10\/Parabens-ao-Vereador-Paulo-Cesar-Cordeiro-Vilela-por-seu-incansavel-comprometimento-com-o-nosso-municipio.mp4?_=1\" \/><a href=\"https:\/\/jupi.pe.leg.br\/v3\/wp-content\/uploads\/2023\/10\/Parabens-ao-Vereador-Paulo-Cesar-Cordeiro-Vilela-por-seu-incansavel-comprometimento-com-o-nosso-municipio.mp4\">https:\/\/jupi.pe.leg.br\/v3\/wp-content\/uploads\/2023\/10\/Parabens-ao-Vereador-Paulo-Cesar-Cordeiro-Vilela-por-seu-incansavel-comprometimento-com-o-nosso-municipio.mp4<\/a><\/video><\/div>\n","protected":false},"excerpt":{"rendered":"<p>Parab\u00e9ns ao Vereador Paulo C\u00e9sar Cordeiro Vilela por seu incans\u00e1vel comprometimento com o nosso munic\u00edpio! Neste requerimento n\u00ba 130\/2023, ele destaca a import\u00e2ncia da aquisi\u00e7\u00e3o de 17 Ensiladeiras para nossas Associa\u00e7\u00f5es Comunit\u00e1rias Rurais. Vamos juntos, com a energia positiva do <a class=\"leiamais\" href=\"https:\/\/jupi.pe.leg.br\/v3\/o-vereador-paulo-cesar-esta-destacando-a-importancia-da-aquisicao-de-17-ensiladeiras-para-nossas-associacoes-comunitarias-rurais\/\">VER MAIS <i class=\"fa-solid fa-chevron-right\"><\/i><\/a><\/p>\n","protected":false},"author":2,"featured_media":2477,"comment_status":"open","ping_status":"open","sticky":false,"template":"","format":"standard","meta":{"_acf_changed":false,"footnotes":""},"categories":[4],"tags":[],"class_list":["post-2474","post","type-post","status-publish","format-standard","has-post-thumbnail","hentry","category-noticias","active"],"acf":[],"_links":{"self":[{"href":"https:\/\/jupi.pe.leg.br\/v3\/wp-json\/wp\/v2\/posts\/2474","targetHints":{"allow":["GET"]}}],"collection":[{"href":"https:\/\/jupi.pe.leg.br\/v3\/wp-json\/wp\/v2\/posts"}],"about":[{"href":"https:\/\/jupi.pe.leg.br\/v3\/wp-json\/wp\/v2\/types\/post"}],"author":[{"embeddable":true,"href":"https:\/\/jupi.pe.leg.br\/v3\/wp-json\/wp\/v2\/users\/2"}],"replies":[{"embeddable":true,"href":"https:\/\/jupi.pe.leg.br\/v3\/wp-json\/wp\/v2\/comments?post=2474"}],"version-history":[{"count":0,"href":"https:\/\/jupi.pe.leg.br\/v3\/wp-json\/wp\/v2\/posts\/2474\/revisions"}],"wp:featuredmedia":[{"embeddable":true,"href":"https:\/\/jupi.pe.leg.br\/v3\/wp-json\/wp\/v2\/media\/2477"}],"wp:attachment":[{"href":"https:\/\/jupi.pe.leg.br\/v3\/wp-json\/wp\/v2\/media?parent=2474"}],"wp:term":[{"taxonomy":"category","embeddable":true,"href":"https:\/\/jupi.pe.leg.br\/v3\/wp-json\/wp\/v2\/categories?post=2474"},{"taxonomy":"post_tag","embeddable":true,"href":"https:\/\/jupi.pe.leg.br\/v3\/wp-json\/wp\/v2\/tags?post=2474"}],"curies":[{"name":"wp","href":"https:\/\/api.w.org\/{rel}","templated":true}]}}