{"id":2466,"date":"2023-10-27T15:19:39","date_gmt":"2023-10-27T18:19:39","guid":{"rendered":"https:\/\/jupi.pe.leg.br\/v3\/?p=2466"},"modified":"2023-10-27T15:23:33","modified_gmt":"2023-10-27T18:23:33","slug":"requerimento-120-2023-do-vereador-fabio-da-raposa","status":"publish","type":"post","link":"https:\/\/jupi.pe.leg.br\/v3\/requerimento-120-2023-do-vereador-fabio-da-raposa\/","title":{"rendered":"O Vereador F\u00e1bio da Raposa, Pediu carros para levar pacientes de \u00e1reas rurais \u00e0 UBS!"},"content":{"rendered":"<p>Requerimento 120\/2023, apresentado pelo Vereador F\u00e1bio da Raposa: Estamos acelerando em dire\u00e7\u00e3o ao cuidado! Pedimos carros para levar pacientes de \u00e1reas rurais \u00e0 UBS, garantindo acesso \u00e0 sa\u00fade.<\/p>\n<p>A sa\u00fade \u00e9 a nossa prioridade, e esses ve\u00edculos s\u00e3o a chave para garantir um atendimento m\u00e9dico eficaz e \u00e1gil. Vereador F\u00e1bio da Raposa e a comunidade de Jupi unidos pelo bem-estar!<\/p>\n<p>Requerimento 121\/2023, apresentado pelo Vereador F\u00e1bio da Raposa: Na Escola Municipal Ant\u00f4nio Lopes de Ara\u00fajo, queremos fortalecer la\u00e7os e celebrar a vida!<\/p>\n<p>Com os programas de Fortalecimento de V\u00ednculo, M\u00e3e Coruja e Melhor Idade, vamos criar uma rede de apoio e cuidado para as comunidades do S\u00edtio Pau-Ferro e arredores.<\/p>\n<p>Vereador F\u00e1bio da Raposa e a comunidade de Jupi trabalhando juntos para um futuro mais brilhante e unido!<\/p>\n<p><img loading=\"lazy\" decoding=\"async\" width=\"705\" height=\"854\" class=\"img-fluid aligncenter size-full wp-image-2467\" src=\"https:\/\/jupi.pe.leg.br\/v3\/wp-content\/uploads\/2023\/10\/Captura-de-tela-2023-10-27-151620.png\" alt=\"\" data-wp-pid=\"2467\" srcset=\"https:\/\/jupi.pe.leg.br\/v3\/wp-content\/uploads\/2023\/10\/Captura-de-tela-2023-10-27-151620.png 705w, https:\/\/jupi.pe.leg.br\/v3\/wp-content\/uploads\/2023\/10\/Captura-de-tela-2023-10-27-151620-248x300.png 248w\" sizes=\"auto, (max-width: 705px) 100vw, 705px\" \/> <img loading=\"lazy\" decoding=\"async\" class=\"img-fluid aligncenter wp-image-2468\" src=\"https:\/\/jupi.pe.leg.br\/v3\/wp-content\/uploads\/2023\/10\/Captura-de-tela-2023-10-27-151651.png\" alt=\"\" width=\"705\" height=\"922\" data-wp-pid=\"2468\" srcset=\"https:\/\/jupi.pe.leg.br\/v3\/wp-content\/uploads\/2023\/10\/Captura-de-tela-2023-10-27-151651.png 660w, https:\/\/jupi.pe.leg.br\/v3\/wp-content\/uploads\/2023\/10\/Captura-de-tela-2023-10-27-151651-229x300.png 229w\" sizes=\"auto, (max-width: 705px) 100vw, 705px\" \/> <img loading=\"lazy\" decoding=\"async\" class=\"img-fluid aligncenter wp-image-2469\" src=\"https:\/\/jupi.pe.leg.br\/v3\/wp-content\/uploads\/2023\/10\/Captura-de-tela-2023-10-27-151716.png\" alt=\"\" width=\"704\" height=\"901\" data-wp-pid=\"2469\" srcset=\"https:\/\/jupi.pe.leg.br\/v3\/wp-content\/uploads\/2023\/10\/Captura-de-tela-2023-10-27-151716.png 675w, https:\/\/jupi.pe.leg.br\/v3\/wp-content\/uploads\/2023\/10\/Captura-de-tela-2023-10-27-151716-234x300.png 234w\" sizes=\"auto, (max-width: 704px) 100vw, 704px\" \/><\/p>\n","protected":false},"excerpt":{"rendered":"<p>Requerimento 120\/2023, apresentado pelo Vereador F\u00e1bio da Raposa: Estamos acelerando em dire\u00e7\u00e3o ao cuidado! Pedimos carros para levar pacientes de \u00e1reas rurais \u00e0 UBS, garantindo acesso \u00e0 sa\u00fade. A sa\u00fade \u00e9 a nossa prioridade, e esses ve\u00edculos s\u00e3o a chave <a class=\"leiamais\" href=\"https:\/\/jupi.pe.leg.br\/v3\/requerimento-120-2023-do-vereador-fabio-da-raposa\/\">VER MAIS <i class=\"fa-solid fa-chevron-right\"><\/i><\/a><\/p>\n","protected":false},"author":2,"featured_media":2467,"comment_status":"open","ping_status":"open","sticky":false,"template":"","format":"standard","meta":{"_acf_changed":false,"footnotes":""},"categories":[4],"tags":[],"class_list":["post-2466","post","type-post","status-publish","format-standard","has-post-thumbnail","hentry","category-noticias","active"],"acf":[],"_links":{"self":[{"href":"https:\/\/jupi.pe.leg.br\/v3\/wp-json\/wp\/v2\/posts\/2466","targetHints":{"allow":["GET"]}}],"collection":[{"href":"https:\/\/jupi.pe.leg.br\/v3\/wp-json\/wp\/v2\/posts"}],"about":[{"href":"https:\/\/jupi.pe.leg.br\/v3\/wp-json\/wp\/v2\/types\/post"}],"author":[{"embeddable":true,"href":"https:\/\/jupi.pe.leg.br\/v3\/wp-json\/wp\/v2\/users\/2"}],"replies":[{"embeddable":true,"href":"https:\/\/jupi.pe.leg.br\/v3\/wp-json\/wp\/v2\/comments?post=2466"}],"version-history":[{"count":0,"href":"https:\/\/jupi.pe.leg.br\/v3\/wp-json\/wp\/v2\/posts\/2466\/revisions"}],"wp:featuredmedia":[{"embeddable":true,"href":"https:\/\/jupi.pe.leg.br\/v3\/wp-json\/wp\/v2\/media\/2467"}],"wp:attachment":[{"href":"https:\/\/jupi.pe.leg.br\/v3\/wp-json\/wp\/v2\/media?parent=2466"}],"wp:term":[{"taxonomy":"category","embeddable":true,"href":"https:\/\/jupi.pe.leg.br\/v3\/wp-json\/wp\/v2\/categories?post=2466"},{"taxonomy":"post_tag","embeddable":true,"href":"https:\/\/jupi.pe.leg.br\/v3\/wp-json\/wp\/v2\/tags?post=2466"}],"curies":[{"name":"wp","href":"https:\/\/api.w.org\/{rel}","templated":true}]}}