{"id":2463,"date":"2023-10-18T18:41:28","date_gmt":"2023-10-18T21:41:28","guid":{"rendered":"https:\/\/jupi.pe.leg.br\/v3\/?p=2463"},"modified":"2023-10-18T18:41:28","modified_gmt":"2023-10-18T21:41:28","slug":"requerimento-146-2023","status":"publish","type":"post","link":"https:\/\/jupi.pe.leg.br\/v3\/requerimento-146-2023\/","title":{"rendered":"Requerimento 146\/2023"},"content":{"rendered":"<p>Requeiro \u00e0 Mesa, ouvindo o Plen\u00e1rio e cumprindo as formalidades regimentais, solicita\u00e7\u00e3o ao Exm\u00ba. Prefeito deste munic\u00edpio, senhor Ant\u00f4nio Marcos Patriota, por interm\u00e9dio da Secretaria Municipal de Educa\u00e7\u00e3o, veemente apelo, no intuito de que sejam realizados os seguintes pleitos:<\/p>\n<p>\u2022 Aulas preparat\u00f3rias para o Exame Nacional do Ensino M\u00e9dio (ENEM),<br \/>\no qual acontecer\u00e1 nos dias 05 e 12 de novembro do ano em curso;<br \/>\n\u2022 Cria\u00e7\u00e3o de um cursinho pr\u00e9-vestibular solid\u00e1rio para capacitar nossa popula\u00e7\u00e3o no decorrer de todo o ano.<\/p>\n","protected":false},"excerpt":{"rendered":"<p>Requeiro \u00e0 Mesa, ouvindo o Plen\u00e1rio e cumprindo as formalidades regimentais, solicita\u00e7\u00e3o ao Exm\u00ba. Prefeito deste munic\u00edpio, senhor Ant\u00f4nio Marcos Patriota, por interm\u00e9dio da Secretaria Municipal de Educa\u00e7\u00e3o, veemente apelo, no intuito de que sejam realizados os seguintes pleitos: \u2022 <a class=\"leiamais\" href=\"https:\/\/jupi.pe.leg.br\/v3\/requerimento-146-2023\/\">VER MAIS <i class=\"fa-solid fa-chevron-right\"><\/i><\/a><\/p>\n","protected":false},"author":2,"featured_media":0,"comment_status":"open","ping_status":"open","sticky":false,"template":"","format":"standard","meta":{"_acf_changed":false,"footnotes":""},"categories":[27,5],"tags":[],"class_list":["post-2463","post","type-post","status-publish","format-standard","hentry","category-ricardo","category-vereadores","active"],"acf":[],"_links":{"self":[{"href":"https:\/\/jupi.pe.leg.br\/v3\/wp-json\/wp\/v2\/posts\/2463","targetHints":{"allow":["GET"]}}],"collection":[{"href":"https:\/\/jupi.pe.leg.br\/v3\/wp-json\/wp\/v2\/posts"}],"about":[{"href":"https:\/\/jupi.pe.leg.br\/v3\/wp-json\/wp\/v2\/types\/post"}],"author":[{"embeddable":true,"href":"https:\/\/jupi.pe.leg.br\/v3\/wp-json\/wp\/v2\/users\/2"}],"replies":[{"embeddable":true,"href":"https:\/\/jupi.pe.leg.br\/v3\/wp-json\/wp\/v2\/comments?post=2463"}],"version-history":[{"count":0,"href":"https:\/\/jupi.pe.leg.br\/v3\/wp-json\/wp\/v2\/posts\/2463\/revisions"}],"wp:attachment":[{"href":"https:\/\/jupi.pe.leg.br\/v3\/wp-json\/wp\/v2\/media?parent=2463"}],"wp:term":[{"taxonomy":"category","embeddable":true,"href":"https:\/\/jupi.pe.leg.br\/v3\/wp-json\/wp\/v2\/categories?post=2463"},{"taxonomy":"post_tag","embeddable":true,"href":"https:\/\/jupi.pe.leg.br\/v3\/wp-json\/wp\/v2\/tags?post=2463"}],"curies":[{"name":"wp","href":"https:\/\/api.w.org\/{rel}","templated":true}]}}