{"id":2445,"date":"2023-10-18T18:25:26","date_gmt":"2023-10-18T21:25:26","guid":{"rendered":"https:\/\/jupi.pe.leg.br\/v3\/?p=2445"},"modified":"2023-10-18T18:25:26","modified_gmt":"2023-10-18T21:25:26","slug":"requerimento-140-2023","status":"publish","type":"post","link":"https:\/\/jupi.pe.leg.br\/v3\/requerimento-140-2023\/","title":{"rendered":"Requerimento 140\/2023"},"content":{"rendered":"<p>Requeiro a Mesa, ouvindo o Plen\u00e1rio, e cumprindo as formalidades regimentais, solicita\u00e7\u00e3o no sentido de que sejam consignados votos de profundo pesar pela irrepar\u00e1vel perda da Jovem Jaclanne Maria da SIiva, ocorrido no dia 09 do m\u00eas e ano em curso.<br \/>\nDo presente pleito, ap\u00f3s aprova\u00e7\u00e3o em Plen\u00e1rio, que seja dado o devido conhecimento aos seus familiares.<\/p>\n","protected":false},"excerpt":{"rendered":"<p>Requeiro a Mesa, ouvindo o Plen\u00e1rio, e cumprindo as formalidades regimentais, solicita\u00e7\u00e3o no sentido de que sejam consignados votos de profundo pesar pela irrepar\u00e1vel perda da Jovem Jaclanne Maria da SIiva, ocorrido no dia 09 do m\u00eas e ano em <a class=\"leiamais\" href=\"https:\/\/jupi.pe.leg.br\/v3\/requerimento-140-2023\/\">VER MAIS <i class=\"fa-solid fa-chevron-right\"><\/i><\/a><\/p>\n","protected":false},"author":2,"featured_media":0,"comment_status":"open","ping_status":"open","sticky":false,"template":"","format":"standard","meta":{"_acf_changed":false,"footnotes":""},"categories":[28,5],"tags":[],"class_list":["post-2445","post","type-post","status-publish","format-standard","hentry","category-rezilda","category-vereadores","active"],"acf":[],"_links":{"self":[{"href":"https:\/\/jupi.pe.leg.br\/v3\/wp-json\/wp\/v2\/posts\/2445","targetHints":{"allow":["GET"]}}],"collection":[{"href":"https:\/\/jupi.pe.leg.br\/v3\/wp-json\/wp\/v2\/posts"}],"about":[{"href":"https:\/\/jupi.pe.leg.br\/v3\/wp-json\/wp\/v2\/types\/post"}],"author":[{"embeddable":true,"href":"https:\/\/jupi.pe.leg.br\/v3\/wp-json\/wp\/v2\/users\/2"}],"replies":[{"embeddable":true,"href":"https:\/\/jupi.pe.leg.br\/v3\/wp-json\/wp\/v2\/comments?post=2445"}],"version-history":[{"count":0,"href":"https:\/\/jupi.pe.leg.br\/v3\/wp-json\/wp\/v2\/posts\/2445\/revisions"}],"wp:attachment":[{"href":"https:\/\/jupi.pe.leg.br\/v3\/wp-json\/wp\/v2\/media?parent=2445"}],"wp:term":[{"taxonomy":"category","embeddable":true,"href":"https:\/\/jupi.pe.leg.br\/v3\/wp-json\/wp\/v2\/categories?post=2445"},{"taxonomy":"post_tag","embeddable":true,"href":"https:\/\/jupi.pe.leg.br\/v3\/wp-json\/wp\/v2\/tags?post=2445"}],"curies":[{"name":"wp","href":"https:\/\/api.w.org\/{rel}","templated":true}]}}