{"id":2428,"date":"2022-06-24T15:39:28","date_gmt":"2022-06-24T18:39:28","guid":{"rendered":"https:\/\/jupi.pe.leg.br\/v3\/?p=2428"},"modified":"2023-10-18T18:11:57","modified_gmt":"2023-10-18T21:11:57","slug":"requerimento-060-2021-2","status":"publish","type":"post","link":"https:\/\/jupi.pe.leg.br\/v3\/requerimento-060-2021-2\/","title":{"rendered":"Requerimento 060\/2022"},"content":{"rendered":"<p>Requeiro a Mesa, ouvindo o Plen\u00e1rio e cumprindo as formalidades regimentais, solicita\u00e7\u00e3o ao limo. Prefeito Sr. Ant\u00f4nio Marcos Patriota deste munic\u00edpio, por interm\u00e9dio da Secretaria competente, empenho no sentido de viabilizar a coleta de lixo na estrada de baixo da Col\u00f4nia, atendendo as comunidades do entorno da Sede da Associa\u00e7\u00e3o de Col\u00f4nia (ACOC), nas intermedia\u00e7\u00f5es da lojinha da senhora Nalda de Geraldo de T\u00f4ta at\u00e9 a resid\u00eancia do senhor Manoel Crispim.<\/p>\n","protected":false},"excerpt":{"rendered":"<p>Requeiro a Mesa, ouvindo o Plen\u00e1rio e cumprindo as formalidades regimentais, solicita\u00e7\u00e3o ao limo. Prefeito Sr. Ant\u00f4nio Marcos Patriota deste munic\u00edpio, por interm\u00e9dio da Secretaria competente, empenho no sentido de viabilizar a coleta de lixo na estrada de baixo da <a class=\"leiamais\" href=\"https:\/\/jupi.pe.leg.br\/v3\/requerimento-060-2021-2\/\">VER MAIS <i class=\"fa-solid fa-chevron-right\"><\/i><\/a><\/p>\n","protected":false},"author":2,"featured_media":0,"comment_status":"open","ping_status":"open","sticky":false,"template":"","format":"standard","meta":{"_acf_changed":false,"footnotes":""},"categories":[14,5],"tags":[],"class_list":["post-2428","post","type-post","status-publish","format-standard","hentry","category-ver_paulocesar","category-vereadores","active"],"acf":[],"_links":{"self":[{"href":"https:\/\/jupi.pe.leg.br\/v3\/wp-json\/wp\/v2\/posts\/2428","targetHints":{"allow":["GET"]}}],"collection":[{"href":"https:\/\/jupi.pe.leg.br\/v3\/wp-json\/wp\/v2\/posts"}],"about":[{"href":"https:\/\/jupi.pe.leg.br\/v3\/wp-json\/wp\/v2\/types\/post"}],"author":[{"embeddable":true,"href":"https:\/\/jupi.pe.leg.br\/v3\/wp-json\/wp\/v2\/users\/2"}],"replies":[{"embeddable":true,"href":"https:\/\/jupi.pe.leg.br\/v3\/wp-json\/wp\/v2\/comments?post=2428"}],"version-history":[{"count":0,"href":"https:\/\/jupi.pe.leg.br\/v3\/wp-json\/wp\/v2\/posts\/2428\/revisions"}],"wp:attachment":[{"href":"https:\/\/jupi.pe.leg.br\/v3\/wp-json\/wp\/v2\/media?parent=2428"}],"wp:term":[{"taxonomy":"category","embeddable":true,"href":"https:\/\/jupi.pe.leg.br\/v3\/wp-json\/wp\/v2\/categories?post=2428"},{"taxonomy":"post_tag","embeddable":true,"href":"https:\/\/jupi.pe.leg.br\/v3\/wp-json\/wp\/v2\/tags?post=2428"}],"curies":[{"name":"wp","href":"https:\/\/api.w.org\/{rel}","templated":true}]}}