{"id":2421,"date":"2021-07-13T15:55:07","date_gmt":"2021-07-13T18:55:07","guid":{"rendered":"https:\/\/jupi.pe.leg.br\/v3\/?p=2421"},"modified":"2023-10-18T18:01:39","modified_gmt":"2023-10-18T21:01:39","slug":"requerimento-200-2021","status":"publish","type":"post","link":"https:\/\/jupi.pe.leg.br\/v3\/requerimento-200-2021\/","title":{"rendered":"Requerimento 200\/2021"},"content":{"rendered":"<p>Requeiro a Mesa, ouvindo o Plen\u00e1rio e cumprindo as formalidades regimentais, so!icita\u00e7-\u00e3o ao Exm\u00ba. Prefeito deste Munic\u00edpio, Sr. Ant\u00f4nio Marcos Patriota, por interm\u00e9dio da secretaria competente, veemente apelo, no sentido de que seja realizada a implanta\u00e7\u00e3o de pavimenta\u00e7\u00e3o asf\u00e1ltica ou cal\u00e7amento, nas seguintes localidades deste munic\u00edpio:<\/p>\n<p>&#8211; iniciando \u00e0s rnaigens da PE que interiiga os munic\u00edpios de Jupi a Cal\u00e7ado\/PE, na entrada que d\u00e1 acesso ao S\u00edtio Catonho, localizada em frente a propriedade do Sr. Arlindo Gomes (ln Memoriam) at\u00e9 a Igreja Presbiteriana do S\u00edtio Catonho;<br \/>\n&#8211; Complementa\u00e7\u00e3o da Rua Isa\u00edas Ferreira de Melo, iniciando nas imedia\u00e7\u00f5es do Centro Educacional Santa Rita de C\u00e1ssia, seguindo pe!o terreno onde \u00e9 realizada a feira do troca do Sr. Arn\u00f3bio L\u00facio at\u00e9 o Loteamento Geraldo Lucas de Oliveira;<br \/>\n&#8211; Iniciando \u00e0s margens da BR 423, seguindo na estrada principal at\u00e9 a Igreja de S\u00e3o Miguel Arcanjo do S\u00edtio Raposa.<\/p>\n","protected":false},"excerpt":{"rendered":"<p>Requeiro a Mesa, ouvindo o Plen\u00e1rio e cumprindo as formalidades regimentais, so!icita\u00e7-\u00e3o ao Exm\u00ba. Prefeito deste Munic\u00edpio, Sr. Ant\u00f4nio Marcos Patriota, por interm\u00e9dio da secretaria competente, veemente apelo, no sentido de que seja realizada a implanta\u00e7\u00e3o de pavimenta\u00e7\u00e3o asf\u00e1ltica ou <a class=\"leiamais\" href=\"https:\/\/jupi.pe.leg.br\/v3\/requerimento-200-2021\/\">VER MAIS <i class=\"fa-solid fa-chevron-right\"><\/i><\/a><\/p>\n","protected":false},"author":2,"featured_media":0,"comment_status":"open","ping_status":"open","sticky":false,"template":"","format":"standard","meta":{"_acf_changed":false,"footnotes":""},"categories":[27,5],"tags":[],"class_list":["post-2421","post","type-post","status-publish","format-standard","hentry","category-ricardo","category-vereadores","active"],"acf":[],"_links":{"self":[{"href":"https:\/\/jupi.pe.leg.br\/v3\/wp-json\/wp\/v2\/posts\/2421","targetHints":{"allow":["GET"]}}],"collection":[{"href":"https:\/\/jupi.pe.leg.br\/v3\/wp-json\/wp\/v2\/posts"}],"about":[{"href":"https:\/\/jupi.pe.leg.br\/v3\/wp-json\/wp\/v2\/types\/post"}],"author":[{"embeddable":true,"href":"https:\/\/jupi.pe.leg.br\/v3\/wp-json\/wp\/v2\/users\/2"}],"replies":[{"embeddable":true,"href":"https:\/\/jupi.pe.leg.br\/v3\/wp-json\/wp\/v2\/comments?post=2421"}],"version-history":[{"count":0,"href":"https:\/\/jupi.pe.leg.br\/v3\/wp-json\/wp\/v2\/posts\/2421\/revisions"}],"wp:attachment":[{"href":"https:\/\/jupi.pe.leg.br\/v3\/wp-json\/wp\/v2\/media?parent=2421"}],"wp:term":[{"taxonomy":"category","embeddable":true,"href":"https:\/\/jupi.pe.leg.br\/v3\/wp-json\/wp\/v2\/categories?post=2421"},{"taxonomy":"post_tag","embeddable":true,"href":"https:\/\/jupi.pe.leg.br\/v3\/wp-json\/wp\/v2\/tags?post=2421"}],"curies":[{"name":"wp","href":"https:\/\/api.w.org\/{rel}","templated":true}]}}