{"id":2347,"date":"2023-10-04T18:20:27","date_gmt":"2023-10-04T21:20:27","guid":{"rendered":"https:\/\/jupi.pe.leg.br\/v3\/?p=2347"},"modified":"2023-10-06T10:13:41","modified_gmt":"2023-10-06T13:13:41","slug":"ser-vereador-e-mais-do-que-um-cargo-e-uma-missao","status":"publish","type":"post","link":"https:\/\/jupi.pe.leg.br\/v3\/ser-vereador-e-mais-do-que-um-cargo-e-uma-missao\/","title":{"rendered":"Ser vereador \u00e9 mais do que um cargo, \u00e9 uma miss\u00e3o!"},"content":{"rendered":"<p>&#x1f399;&#xfe0f; Ser vereador \u00e9 mais do que um cargo, \u00e9 uma miss\u00e3o!<\/p>\n<p>&#x1f3db;&#xfe0f; \u00c9 representar e lutar pelos sonhos da nossa cidade, ser a voz do povo no cora\u00e7\u00e3o da democracia Jupiense. &#x1f5f3;&#xfe0f;<\/p>\n<p>No discurso do presidente da C\u00e2mara de Jupi\u00a0<a class=\"x1i10hfl xjbqb8w x6umtig x1b1mbwd xaqea5y xav7gou x9f619 x1ypdohk xt0psk2 xe8uvvx xdj266r x11i5rnm xat24cr x1mh8g0r xexx8yu x4uap5 x18d9i69 xkhd6sd x16tdsg8 x1hl2dhg xggy1nq x1a2a7pz notranslate _a6hd\" tabindex=\"0\" role=\"link\" href=\"https:\/\/www.instagram.com\/vereadorledson\/\">@vereadorledson<\/a>, ele nos lembra que ser vereador \u00e9 estar comprometido com a mudan\u00e7a, ouvir as demandas da comunidade e trabalhar incansavelmente para construir um futuro melhor. &#x1f4aa;&#x1f4ac;<\/p>\n<p>Juntos, vamos continuar a construir um amanh\u00e3 mais promissor para todos! &#x1f31f;&#x1f1e7;&#x1f1f7;<\/p>\n<div style=\"width: 1080px;\" class=\"wp-video\"><video class=\"wp-video-shortcode\" id=\"video-2347-1\" width=\"1080\" height=\"1920\" preload=\"metadata\" controls=\"controls\"><source type=\"video\/mp4\" src=\"https:\/\/jupi.pe.leg.br\/v3\/wp-content\/uploads\/2023\/10\/Ser-vereador-e-mais-do-que-um-cargo-e-uma-missao.mp4?_=1\" \/><a href=\"https:\/\/jupi.pe.leg.br\/v3\/wp-content\/uploads\/2023\/10\/Ser-vereador-e-mais-do-que-um-cargo-e-uma-missao.mp4\">https:\/\/jupi.pe.leg.br\/v3\/wp-content\/uploads\/2023\/10\/Ser-vereador-e-mais-do-que-um-cargo-e-uma-missao.mp4<\/a><\/video><\/div>\n","protected":false},"excerpt":{"rendered":"<p>&#x1f399;&#xfe0f; Ser vereador \u00e9 mais do que um cargo, \u00e9 uma miss\u00e3o! &#x1f3db;&#xfe0f; \u00c9 representar e lutar pelos sonhos da nossa cidade, ser a voz do povo no cora\u00e7\u00e3o da democracia Jupiense. &#x1f5f3;&#xfe0f; No discurso do presidente da C\u00e2mara de <a class=\"leiamais\" href=\"https:\/\/jupi.pe.leg.br\/v3\/ser-vereador-e-mais-do-que-um-cargo-e-uma-missao\/\">VER MAIS <i class=\"fa-solid fa-chevron-right\"><\/i><\/a><\/p>\n","protected":false},"author":2,"featured_media":2351,"comment_status":"open","ping_status":"open","sticky":false,"template":"","format":"standard","meta":{"_acf_changed":false,"footnotes":""},"categories":[4],"tags":[],"class_list":["post-2347","post","type-post","status-publish","format-standard","has-post-thumbnail","hentry","category-noticias","active"],"acf":[],"_links":{"self":[{"href":"https:\/\/jupi.pe.leg.br\/v3\/wp-json\/wp\/v2\/posts\/2347","targetHints":{"allow":["GET"]}}],"collection":[{"href":"https:\/\/jupi.pe.leg.br\/v3\/wp-json\/wp\/v2\/posts"}],"about":[{"href":"https:\/\/jupi.pe.leg.br\/v3\/wp-json\/wp\/v2\/types\/post"}],"author":[{"embeddable":true,"href":"https:\/\/jupi.pe.leg.br\/v3\/wp-json\/wp\/v2\/users\/2"}],"replies":[{"embeddable":true,"href":"https:\/\/jupi.pe.leg.br\/v3\/wp-json\/wp\/v2\/comments?post=2347"}],"version-history":[{"count":0,"href":"https:\/\/jupi.pe.leg.br\/v3\/wp-json\/wp\/v2\/posts\/2347\/revisions"}],"wp:featuredmedia":[{"embeddable":true,"href":"https:\/\/jupi.pe.leg.br\/v3\/wp-json\/wp\/v2\/media\/2351"}],"wp:attachment":[{"href":"https:\/\/jupi.pe.leg.br\/v3\/wp-json\/wp\/v2\/media?parent=2347"}],"wp:term":[{"taxonomy":"category","embeddable":true,"href":"https:\/\/jupi.pe.leg.br\/v3\/wp-json\/wp\/v2\/categories?post=2347"},{"taxonomy":"post_tag","embeddable":true,"href":"https:\/\/jupi.pe.leg.br\/v3\/wp-json\/wp\/v2\/tags?post=2347"}],"curies":[{"name":"wp","href":"https:\/\/api.w.org\/{rel}","templated":true}]}}