{"id":2342,"date":"2023-08-26T18:17:35","date_gmt":"2023-08-26T21:17:35","guid":{"rendered":"https:\/\/jupi.pe.leg.br\/v3\/?p=2342"},"modified":"2023-10-06T14:26:47","modified_gmt":"2023-10-06T17:26:47","slug":"vereador-antonio-da-colonia-fazendo-a-diferenca","status":"publish","type":"post","link":"https:\/\/jupi.pe.leg.br\/v3\/vereador-antonio-da-colonia-fazendo-a-diferenca\/","title":{"rendered":"Vereador Ant\u00f4nio da Col\u00f4nia fazendo a diferen\u00e7a!"},"content":{"rendered":"<p>&#x1f31f; Vereador Ant\u00f4nio da Col\u00f4nia fazendo a diferen\u00e7a! &#x1f31f;<\/p>\n<p>&#x1f4aa;&#x1f9f5; Ele apresentou dois requerimentos incr\u00edveis para melhorar a vida dos nossos cidad\u00e3os em Jupi. No primeiro, ele pede a implanta\u00e7\u00e3o do Curso de Corte e Costura no SCFV, fortalecendo v\u00ednculos e abrindo portas para novas oportunidades. &#x1f4aa;&#x1f9f5;<\/p>\n<p>&#x1f3de;&#xfe0f; E n\u00e3o para por a\u00ed! O vereador Antonio da Col\u00f4nia tamb\u00e9m est\u00e1 focado na infraestrutura de nossa cidade. No segundo requerimento, ele solicita a recupera\u00e7\u00e3o da estrada da Serra da Col\u00f4nia, melhorando o acesso a importantes locais como Pau Ferro, Grot\u00e3o e Areias. &#x1f6a7;&#x1f304;<\/p>\n<p>&#x1f4ac; Vamos apoiar essas iniciativas e continuar trabalhando juntos por uma Jupi mais forte e unida! Obrigado, vereador Ant\u00f4nio da Col\u00f4nia, por ser um verdadeiro representante do povo. &#x1f44f;&#x1f91d;<\/p>\n<p><a class=\"x1i10hfl xjbqb8w x6umtig x1b1mbwd xaqea5y xav7gou x9f619 x1ypdohk xt0psk2 xe8uvvx xdj266r x11i5rnm xat24cr x1mh8g0r xexx8yu x4uap5 x18d9i69 xkhd6sd x16tdsg8 x1hl2dhg xggy1nq x1a2a7pz _aa9_ _a6hd\" tabindex=\"0\" role=\"link\" href=\"https:\/\/www.instagram.com\/explore\/tags\/vereadorantoniodacolonia\/\"><img loading=\"lazy\" decoding=\"async\" width=\"719\" height=\"875\" class=\"img-fluid aligncenter size-full wp-image-2343\" src=\"https:\/\/jupi.pe.leg.br\/v3\/wp-content\/uploads\/2023\/10\/Captura-de-tela-2023-10-05-181758.png\" alt=\"\" data-wp-pid=\"2343\" srcset=\"https:\/\/jupi.pe.leg.br\/v3\/wp-content\/uploads\/2023\/10\/Captura-de-tela-2023-10-05-181758.png 719w, https:\/\/jupi.pe.leg.br\/v3\/wp-content\/uploads\/2023\/10\/Captura-de-tela-2023-10-05-181758-247x300.png 247w\" sizes=\"auto, (max-width: 719px) 100vw, 719px\" \/><img loading=\"lazy\" decoding=\"async\" class=\"img-fluid aligncenter wp-image-2344\" src=\"https:\/\/jupi.pe.leg.br\/v3\/wp-content\/uploads\/2023\/10\/Captura-de-tela-2023-10-05-181818.png\" alt=\"\" width=\"718\" height=\"929\" data-wp-pid=\"2344\" srcset=\"https:\/\/jupi.pe.leg.br\/v3\/wp-content\/uploads\/2023\/10\/Captura-de-tela-2023-10-05-181818.png 695w, https:\/\/jupi.pe.leg.br\/v3\/wp-content\/uploads\/2023\/10\/Captura-de-tela-2023-10-05-181818-232x300.png 232w\" sizes=\"auto, (max-width: 718px) 100vw, 718px\" \/><img loading=\"lazy\" decoding=\"async\" class=\"img-fluid aligncenter wp-image-2345\" src=\"https:\/\/jupi.pe.leg.br\/v3\/wp-content\/uploads\/2023\/10\/Captura-de-tela-2023-10-05-181837.png\" alt=\"\" width=\"719\" height=\"890\" data-wp-pid=\"2345\" srcset=\"https:\/\/jupi.pe.leg.br\/v3\/wp-content\/uploads\/2023\/10\/Captura-de-tela-2023-10-05-181837.png 737w, https:\/\/jupi.pe.leg.br\/v3\/wp-content\/uploads\/2023\/10\/Captura-de-tela-2023-10-05-181837-242x300.png 242w\" sizes=\"auto, (max-width: 719px) 100vw, 719px\" \/><\/a><\/p>\n","protected":false},"excerpt":{"rendered":"<p>&#x1f31f; Vereador Ant\u00f4nio da Col\u00f4nia fazendo a diferen\u00e7a! &#x1f31f; &#x1f4aa;&#x1f9f5; Ele apresentou dois requerimentos incr\u00edveis para melhorar a vida dos nossos cidad\u00e3os em Jupi. No primeiro, ele pede a implanta\u00e7\u00e3o do Curso de Corte e Costura no SCFV, fortalecendo v\u00ednculos <a class=\"leiamais\" href=\"https:\/\/jupi.pe.leg.br\/v3\/vereador-antonio-da-colonia-fazendo-a-diferenca\/\">VER MAIS <i class=\"fa-solid fa-chevron-right\"><\/i><\/a><\/p>\n","protected":false},"author":2,"featured_media":2343,"comment_status":"open","ping_status":"open","sticky":false,"template":"","format":"standard","meta":{"_acf_changed":false,"footnotes":""},"categories":[4],"tags":[],"class_list":["post-2342","post","type-post","status-publish","format-standard","has-post-thumbnail","hentry","category-noticias","active"],"acf":[],"_links":{"self":[{"href":"https:\/\/jupi.pe.leg.br\/v3\/wp-json\/wp\/v2\/posts\/2342","targetHints":{"allow":["GET"]}}],"collection":[{"href":"https:\/\/jupi.pe.leg.br\/v3\/wp-json\/wp\/v2\/posts"}],"about":[{"href":"https:\/\/jupi.pe.leg.br\/v3\/wp-json\/wp\/v2\/types\/post"}],"author":[{"embeddable":true,"href":"https:\/\/jupi.pe.leg.br\/v3\/wp-json\/wp\/v2\/users\/2"}],"replies":[{"embeddable":true,"href":"https:\/\/jupi.pe.leg.br\/v3\/wp-json\/wp\/v2\/comments?post=2342"}],"version-history":[{"count":0,"href":"https:\/\/jupi.pe.leg.br\/v3\/wp-json\/wp\/v2\/posts\/2342\/revisions"}],"wp:featuredmedia":[{"embeddable":true,"href":"https:\/\/jupi.pe.leg.br\/v3\/wp-json\/wp\/v2\/media\/2343"}],"wp:attachment":[{"href":"https:\/\/jupi.pe.leg.br\/v3\/wp-json\/wp\/v2\/media?parent=2342"}],"wp:term":[{"taxonomy":"category","embeddable":true,"href":"https:\/\/jupi.pe.leg.br\/v3\/wp-json\/wp\/v2\/categories?post=2342"},{"taxonomy":"post_tag","embeddable":true,"href":"https:\/\/jupi.pe.leg.br\/v3\/wp-json\/wp\/v2\/tags?post=2342"}],"curies":[{"name":"wp","href":"https:\/\/api.w.org\/{rel}","templated":true}]}}