{"id":2337,"date":"2023-09-22T18:13:50","date_gmt":"2023-09-22T21:13:50","guid":{"rendered":"https:\/\/jupi.pe.leg.br\/v3\/?p=2337"},"modified":"2023-10-06T14:21:41","modified_gmt":"2023-10-06T17:21:41","slug":"vereador-luiz-ricardo-esta-botando-energia-no-ar","status":"publish","type":"post","link":"https:\/\/jupi.pe.leg.br\/v3\/vereador-luiz-ricardo-esta-botando-energia-no-ar\/","title":{"rendered":"Vereador Luiz Ricardo est\u00e1 botando energia no ar!"},"content":{"rendered":"<p>&#x2600;&#xfe0f;&#x1f4a1; Vereador Luiz Ricardo est\u00e1 botando energia no ar! Requerimento N\u00b0. 118\/2023 quer sol na nossa conta, com placas solares para reduzir taxas de ilumina\u00e7\u00e3o rural. &#x1f50c;&#x1f304;<\/p>\n<p>&#x1f69c;&#x2702;&#xfe0f; Chegou a hora de colocar o trator em a\u00e7\u00e3o! Com o Requerimento N\u00b0. 119\/2023, o vereador quer ruas limpas e a cidade a mil. Luiz Ricardo, nosso defensor incans\u00e1vel! &#x1f33f;&#x1f31f;<\/p>\n<p>&#x1f4aa;&#x1f44f; Vamos apoiar o Vereador Luiz Ricardo Souza na miss\u00e3o de deixar Jupi mais verde e animada! Juntos, constru\u00edmos um futuro top! &#x1f49a;&#x1f389;<\/p>\n<p><a class=\"x1i10hfl xjbqb8w x6umtig x1b1mbwd xaqea5y xav7gou x9f619 x1ypdohk xt0psk2 xe8uvvx xdj266r x11i5rnm xat24cr x1mh8g0r xexx8yu x4uap5 x18d9i69 xkhd6sd x16tdsg8 x1hl2dhg xggy1nq x1a2a7pz _aa9_ _a6hd\" tabindex=\"0\" role=\"link\" href=\"https:\/\/www.instagram.com\/explore\/tags\/vereadorluizricardo\/\"><img loading=\"lazy\" decoding=\"async\" width=\"731\" height=\"886\" class=\"img-fluid aligncenter size-full wp-image-2338\" src=\"https:\/\/jupi.pe.leg.br\/v3\/wp-content\/uploads\/2023\/10\/Captura-de-tela-2023-10-05-181243.png\" alt=\"\" data-wp-pid=\"2338\" srcset=\"https:\/\/jupi.pe.leg.br\/v3\/wp-content\/uploads\/2023\/10\/Captura-de-tela-2023-10-05-181243.png 731w, https:\/\/jupi.pe.leg.br\/v3\/wp-content\/uploads\/2023\/10\/Captura-de-tela-2023-10-05-181243-248x300.png 248w\" sizes=\"auto, (max-width: 731px) 100vw, 731px\" \/><img loading=\"lazy\" decoding=\"async\" class=\"img-fluid aligncenter wp-image-2340\" src=\"https:\/\/jupi.pe.leg.br\/v3\/wp-content\/uploads\/2023\/10\/Captura-de-tela-2023-10-05-181330.png\" alt=\"\" width=\"731\" height=\"912\" data-wp-pid=\"2340\" srcset=\"https:\/\/jupi.pe.leg.br\/v3\/wp-content\/uploads\/2023\/10\/Captura-de-tela-2023-10-05-181330.png 723w, https:\/\/jupi.pe.leg.br\/v3\/wp-content\/uploads\/2023\/10\/Captura-de-tela-2023-10-05-181330-240x300.png 240w\" sizes=\"auto, (max-width: 731px) 100vw, 731px\" \/><\/a><\/p>\n<p>&nbsp;<\/p>\n","protected":false},"excerpt":{"rendered":"<p>&#x2600;&#xfe0f;&#x1f4a1; Vereador Luiz Ricardo est\u00e1 botando energia no ar! Requerimento N\u00b0. 118\/2023 quer sol na nossa conta, com placas solares para reduzir taxas de ilumina\u00e7\u00e3o rural. &#x1f50c;&#x1f304; &#x1f69c;&#x2702;&#xfe0f; Chegou a hora de colocar o trator em a\u00e7\u00e3o! Com o Requerimento <a class=\"leiamais\" href=\"https:\/\/jupi.pe.leg.br\/v3\/vereador-luiz-ricardo-esta-botando-energia-no-ar\/\">VER MAIS <i class=\"fa-solid fa-chevron-right\"><\/i><\/a><\/p>\n","protected":false},"author":2,"featured_media":2338,"comment_status":"open","ping_status":"open","sticky":false,"template":"","format":"standard","meta":{"_acf_changed":false,"footnotes":""},"categories":[4],"tags":[],"class_list":["post-2337","post","type-post","status-publish","format-standard","has-post-thumbnail","hentry","category-noticias","active"],"acf":[],"_links":{"self":[{"href":"https:\/\/jupi.pe.leg.br\/v3\/wp-json\/wp\/v2\/posts\/2337","targetHints":{"allow":["GET"]}}],"collection":[{"href":"https:\/\/jupi.pe.leg.br\/v3\/wp-json\/wp\/v2\/posts"}],"about":[{"href":"https:\/\/jupi.pe.leg.br\/v3\/wp-json\/wp\/v2\/types\/post"}],"author":[{"embeddable":true,"href":"https:\/\/jupi.pe.leg.br\/v3\/wp-json\/wp\/v2\/users\/2"}],"replies":[{"embeddable":true,"href":"https:\/\/jupi.pe.leg.br\/v3\/wp-json\/wp\/v2\/comments?post=2337"}],"version-history":[{"count":0,"href":"https:\/\/jupi.pe.leg.br\/v3\/wp-json\/wp\/v2\/posts\/2337\/revisions"}],"wp:featuredmedia":[{"embeddable":true,"href":"https:\/\/jupi.pe.leg.br\/v3\/wp-json\/wp\/v2\/media\/2338"}],"wp:attachment":[{"href":"https:\/\/jupi.pe.leg.br\/v3\/wp-json\/wp\/v2\/media?parent=2337"}],"wp:term":[{"taxonomy":"category","embeddable":true,"href":"https:\/\/jupi.pe.leg.br\/v3\/wp-json\/wp\/v2\/categories?post=2337"},{"taxonomy":"post_tag","embeddable":true,"href":"https:\/\/jupi.pe.leg.br\/v3\/wp-json\/wp\/v2\/tags?post=2337"}],"curies":[{"name":"wp","href":"https:\/\/api.w.org\/{rel}","templated":true}]}}