{"id":2329,"date":"2023-09-19T18:05:32","date_gmt":"2023-09-19T21:05:32","guid":{"rendered":"https:\/\/jupi.pe.leg.br\/v3\/?p=2329"},"modified":"2023-10-06T14:22:48","modified_gmt":"2023-10-06T17:22:48","slug":"a-transformacao-que-jupi-tanto-esperava-esta-chegando","status":"publish","type":"post","link":"https:\/\/jupi.pe.leg.br\/v3\/a-transformacao-que-jupi-tanto-esperava-esta-chegando\/","title":{"rendered":"A transforma\u00e7\u00e3o que Jupi tanto esperava est\u00e1 chegando!"},"content":{"rendered":"<p>&#x1f31f;&#x2728; A transforma\u00e7\u00e3o que Jupi tanto esperava est\u00e1 chegando!<\/p>\n<p>&#x1f331; O vereador F\u00e1bio da Raposa apresentou um requerimento incr\u00edvel na C\u00e2mara Municipal para construir uma UBS nos s\u00edtios de Areias, Grot\u00e3o, Minas, Pau Ferro, Raposa e outros vizinhos da zona rural de Jupi!<\/p>\n<p>&#x1f3e5;&#x1f333; As boas not\u00edcias n\u00e3o param por a\u00ed, as obras j\u00e1 est\u00e3o prestes a come\u00e7ar!<\/p>\n<p>&#x1f528;&#x1f3e1; \u00c0 medida que as m\u00e1quinas est\u00e3o chegando, a constru\u00e7\u00e3o da UBS nos s\u00edtios de Jupi est\u00e1 prestes a come\u00e7ar!<\/p>\n<p>&#x1f6a7;&#x1f3d7;&#xfe0f; \u00c9 um marco para nossa comunidade rural, que finalmente ter\u00e1 acesso a servi\u00e7os de sa\u00fade de qualidade mais pr\u00f3ximos de casa.<\/p>\n<p>&#x1f468;&#x200d;&#x2695;&#xfe0f;&#x1f469;&#x200d;&#x2695;&#xfe0f; Vamos acompanhar de perto essa transforma\u00e7\u00e3o que o vereador F\u00e1bio da Raposa tornou realidade! &#x1f31f;&#x1f33f;<\/p>\n<p>&#x1f381;&#x1f3e1; Com a vis\u00e3o e determina\u00e7\u00e3o do vereador F\u00e1bio da Raposa, nossa zona rural ter\u00e1 cuidados m\u00e9dicos mais seguros, melhorando a qualidade de vida de tantas fam\u00edlias.<\/p>\n<p>&#x1f917;&#x2764;&#xfe0f; Juntos, podemos construir um futuro mais saud\u00e1vel e brilhante para nossa cidade! &#x1f4aa;&#x1f31e;<\/p>\n<p>&nbsp;<\/p>\n<div style=\"width: 1080px;\" class=\"wp-video\"><video class=\"wp-video-shortcode\" id=\"video-2329-1\" width=\"1080\" height=\"1920\" preload=\"metadata\" controls=\"controls\"><source type=\"video\/mp4\" src=\"https:\/\/jupi.pe.leg.br\/v3\/wp-content\/uploads\/2023\/10\/A-transformacao-que-Jupi-tanto-esperava-esta-chegando.mp4?_=1\" \/><a href=\"https:\/\/jupi.pe.leg.br\/v3\/wp-content\/uploads\/2023\/10\/A-transformacao-que-Jupi-tanto-esperava-esta-chegando.mp4\">https:\/\/jupi.pe.leg.br\/v3\/wp-content\/uploads\/2023\/10\/A-transformacao-que-Jupi-tanto-esperava-esta-chegando.mp4<\/a><\/video><\/div>\n<p>&nbsp;<\/p>\n","protected":false},"excerpt":{"rendered":"<p>&#x1f31f;&#x2728; A transforma\u00e7\u00e3o que Jupi tanto esperava est\u00e1 chegando! &#x1f331; O vereador F\u00e1bio da Raposa apresentou um requerimento incr\u00edvel na C\u00e2mara Municipal para construir uma UBS nos s\u00edtios de Areias, Grot\u00e3o, Minas, Pau Ferro, Raposa e outros vizinhos da zona <a class=\"leiamais\" href=\"https:\/\/jupi.pe.leg.br\/v3\/a-transformacao-que-jupi-tanto-esperava-esta-chegando\/\">VER MAIS <i class=\"fa-solid fa-chevron-right\"><\/i><\/a><\/p>\n","protected":false},"author":2,"featured_media":0,"comment_status":"open","ping_status":"open","sticky":false,"template":"","format":"standard","meta":{"_acf_changed":false,"footnotes":""},"categories":[4],"tags":[],"class_list":["post-2329","post","type-post","status-publish","format-standard","hentry","category-noticias","active"],"acf":[],"_links":{"self":[{"href":"https:\/\/jupi.pe.leg.br\/v3\/wp-json\/wp\/v2\/posts\/2329","targetHints":{"allow":["GET"]}}],"collection":[{"href":"https:\/\/jupi.pe.leg.br\/v3\/wp-json\/wp\/v2\/posts"}],"about":[{"href":"https:\/\/jupi.pe.leg.br\/v3\/wp-json\/wp\/v2\/types\/post"}],"author":[{"embeddable":true,"href":"https:\/\/jupi.pe.leg.br\/v3\/wp-json\/wp\/v2\/users\/2"}],"replies":[{"embeddable":true,"href":"https:\/\/jupi.pe.leg.br\/v3\/wp-json\/wp\/v2\/comments?post=2329"}],"version-history":[{"count":0,"href":"https:\/\/jupi.pe.leg.br\/v3\/wp-json\/wp\/v2\/posts\/2329\/revisions"}],"wp:attachment":[{"href":"https:\/\/jupi.pe.leg.br\/v3\/wp-json\/wp\/v2\/media?parent=2329"}],"wp:term":[{"taxonomy":"category","embeddable":true,"href":"https:\/\/jupi.pe.leg.br\/v3\/wp-json\/wp\/v2\/categories?post=2329"},{"taxonomy":"post_tag","embeddable":true,"href":"https:\/\/jupi.pe.leg.br\/v3\/wp-json\/wp\/v2\/tags?post=2329"}],"curies":[{"name":"wp","href":"https:\/\/api.w.org\/{rel}","templated":true}]}}