{"id":2324,"date":"2023-09-15T17:52:11","date_gmt":"2023-09-15T20:52:11","guid":{"rendered":"https:\/\/jupi.pe.leg.br\/v3\/?p=2324"},"modified":"2023-10-06T14:23:30","modified_gmt":"2023-10-06T17:23:30","slug":"a-voz-da-comunidade-ecoa-com-forca-na-camara-de-jupi","status":"publish","type":"post","link":"https:\/\/jupi.pe.leg.br\/v3\/a-voz-da-comunidade-ecoa-com-forca-na-camara-de-jupi\/","title":{"rendered":"A voz da comunidade ecoa com for\u00e7a na C\u00e2mara de Jupi!"},"content":{"rendered":"<p>&#x1f4e3; A voz da comunidade ecoa com for\u00e7a na C\u00e2mara de Jupi!<\/p>\n<p>O vereador Paulo C\u00e9sar Cordeiro Vilela apresentou dois requerimentos que prometem impactar positivamente a vida dos jupienses.<\/p>\n<p>&#x1f5f3;&#xfe0f; Na primeira solicita\u00e7\u00e3o, ele pede a cria\u00e7\u00e3o de uma Sess\u00e3o Eleitoral na Escola Municipal Pedro Cordeiro, no S\u00edtio Catonho, para tornar o processo de vota\u00e7\u00e3o mais acess\u00edvel. &#x1f44f;<\/p>\n<p>&#x1f4da; Em seu segundo requerimento, o vereador Paulo C\u00e9sar Cordeiro Vilela demonstra seu compromisso com a educa\u00e7\u00e3o ao apelar pelo acr\u00e9scimo do 6\u00b0 ao 9\u00b0 ano na mesma Escola Municipal Pedro Cordeiro.<\/p>\n<p>Isso significa mais oportunidades de aprendizado para nossos jovens! &#x1f4d6;&#x1f468;&#x200d;&#x1f3eb;<\/p>\n<p>&#x1f4aa; Vamos juntos apoiar essas iniciativas que visam a melhoria da nossa cidade.<\/p>\n<p>A participa\u00e7\u00e3o cidad\u00e3 \u00e9 essencial para construirmos um futuro melhor.<\/p>\n<p>Parab\u00e9ns, vereador, por seu empenho em prol de Jupi! &#x1f31f;<\/p>\n<p><a class=\"x1i10hfl xjbqb8w x6umtig x1b1mbwd xaqea5y xav7gou x9f619 x1ypdohk xt0psk2 xe8uvvx xdj266r x11i5rnm xat24cr x1mh8g0r xexx8yu x4uap5 x18d9i69 xkhd6sd x16tdsg8 x1hl2dhg xggy1nq x1a2a7pz _aa9_ _a6hd\" tabindex=\"0\" role=\"link\" href=\"https:\/\/www.instagram.com\/explore\/tags\/participa%C3%A7%C3%A3ocidad%C3%A3\/\"><img loading=\"lazy\" decoding=\"async\" width=\"659\" height=\"817\" class=\"img-fluid aligncenter size-full wp-image-2325\" src=\"https:\/\/jupi.pe.leg.br\/v3\/wp-content\/uploads\/2023\/10\/Captura-de-tela-2023-10-05-175241.png\" alt=\"\" data-wp-pid=\"2325\" srcset=\"https:\/\/jupi.pe.leg.br\/v3\/wp-content\/uploads\/2023\/10\/Captura-de-tela-2023-10-05-175241.png 659w, https:\/\/jupi.pe.leg.br\/v3\/wp-content\/uploads\/2023\/10\/Captura-de-tela-2023-10-05-175241-242x300.png 242w\" sizes=\"auto, (max-width: 659px) 100vw, 659px\" \/><img loading=\"lazy\" decoding=\"async\" class=\"img-fluid aligncenter wp-image-2326\" src=\"https:\/\/jupi.pe.leg.br\/v3\/wp-content\/uploads\/2023\/10\/Captura-de-tela-2023-10-05-175303.png\" alt=\"\" width=\"659\" height=\"881\" data-wp-pid=\"2326\" srcset=\"https:\/\/jupi.pe.leg.br\/v3\/wp-content\/uploads\/2023\/10\/Captura-de-tela-2023-10-05-175303.png 628w, https:\/\/jupi.pe.leg.br\/v3\/wp-content\/uploads\/2023\/10\/Captura-de-tela-2023-10-05-175303-225x300.png 225w\" sizes=\"auto, (max-width: 659px) 100vw, 659px\" \/><img loading=\"lazy\" decoding=\"async\" class=\"img-fluid aligncenter wp-image-2327\" src=\"https:\/\/jupi.pe.leg.br\/v3\/wp-content\/uploads\/2023\/10\/Captura-de-tela-2023-10-05-175319.png\" alt=\"\" width=\"659\" height=\"843\" data-wp-pid=\"2327\" srcset=\"https:\/\/jupi.pe.leg.br\/v3\/wp-content\/uploads\/2023\/10\/Captura-de-tela-2023-10-05-175319.png 654w, https:\/\/jupi.pe.leg.br\/v3\/wp-content\/uploads\/2023\/10\/Captura-de-tela-2023-10-05-175319-234x300.png 234w\" sizes=\"auto, (max-width: 659px) 100vw, 659px\" \/><\/a><\/p>\n","protected":false},"excerpt":{"rendered":"<p>&#x1f4e3; A voz da comunidade ecoa com for\u00e7a na C\u00e2mara de Jupi! O vereador Paulo C\u00e9sar Cordeiro Vilela apresentou dois requerimentos que prometem impactar positivamente a vida dos jupienses. &#x1f5f3;&#xfe0f; Na primeira solicita\u00e7\u00e3o, ele pede a cria\u00e7\u00e3o de uma Sess\u00e3o <a class=\"leiamais\" href=\"https:\/\/jupi.pe.leg.br\/v3\/a-voz-da-comunidade-ecoa-com-forca-na-camara-de-jupi\/\">VER MAIS <i class=\"fa-solid fa-chevron-right\"><\/i><\/a><\/p>\n","protected":false},"author":2,"featured_media":2325,"comment_status":"open","ping_status":"open","sticky":false,"template":"","format":"standard","meta":{"_acf_changed":false,"footnotes":""},"categories":[4],"tags":[],"class_list":["post-2324","post","type-post","status-publish","format-standard","has-post-thumbnail","hentry","category-noticias","active"],"acf":[],"_links":{"self":[{"href":"https:\/\/jupi.pe.leg.br\/v3\/wp-json\/wp\/v2\/posts\/2324","targetHints":{"allow":["GET"]}}],"collection":[{"href":"https:\/\/jupi.pe.leg.br\/v3\/wp-json\/wp\/v2\/posts"}],"about":[{"href":"https:\/\/jupi.pe.leg.br\/v3\/wp-json\/wp\/v2\/types\/post"}],"author":[{"embeddable":true,"href":"https:\/\/jupi.pe.leg.br\/v3\/wp-json\/wp\/v2\/users\/2"}],"replies":[{"embeddable":true,"href":"https:\/\/jupi.pe.leg.br\/v3\/wp-json\/wp\/v2\/comments?post=2324"}],"version-history":[{"count":0,"href":"https:\/\/jupi.pe.leg.br\/v3\/wp-json\/wp\/v2\/posts\/2324\/revisions"}],"wp:featuredmedia":[{"embeddable":true,"href":"https:\/\/jupi.pe.leg.br\/v3\/wp-json\/wp\/v2\/media\/2325"}],"wp:attachment":[{"href":"https:\/\/jupi.pe.leg.br\/v3\/wp-json\/wp\/v2\/media?parent=2324"}],"wp:term":[{"taxonomy":"category","embeddable":true,"href":"https:\/\/jupi.pe.leg.br\/v3\/wp-json\/wp\/v2\/categories?post=2324"},{"taxonomy":"post_tag","embeddable":true,"href":"https:\/\/jupi.pe.leg.br\/v3\/wp-json\/wp\/v2\/tags?post=2324"}],"curies":[{"name":"wp","href":"https:\/\/api.w.org\/{rel}","templated":true}]}}