{"id":2321,"date":"2023-09-13T17:49:46","date_gmt":"2023-09-13T20:49:46","guid":{"rendered":"https:\/\/jupi.pe.leg.br\/v3\/?p=2321"},"modified":"2023-10-06T14:24:06","modified_gmt":"2023-10-06T17:24:06","slug":"nossos-herois-de-jaleco-merecem-o-melhor","status":"publish","type":"post","link":"https:\/\/jupi.pe.leg.br\/v3\/nossos-herois-de-jaleco-merecem-o-melhor\/","title":{"rendered":"Nossos her\u00f3is de jaleco merecem o melhor!"},"content":{"rendered":"<p>&#x1f44f;&#x1f3e5; Nossos her\u00f3is de jaleco merecem o melhor!<\/p>\n<p>&#x1f4aa; Hoje, a C\u00e2mara de Jupi fez hist\u00f3ria ao aprovar por unanimidade o t\u00e3o esperado aumento do piso salarial da enfermagem. &#x1f31f; \u00c9 hora de reconhecer e celebrar o incans\u00e1vel esfor\u00e7o dessa classe que dedica suas vidas \u00e0 nossa sa\u00fade &#x1f64c;<\/p>\n<p>&#x2764;&#xfe0f;&#x1fa7a; Esses anjos de jaleco merecem todo o nosso respeito e gratid\u00e3o. &#x1f496; N\u00e3o h\u00e1 palavras suficientes para expressar nossa admira\u00e7\u00e3o por cada enfermeiro e enfermeira que trabalha incansavelmente para cuidar de todos n\u00f3s &#x1f64f;<\/p>\n<p>&#x1f44f;&#x1f91d; Parab\u00e9ns aos vereadores de Jupi por essa decis\u00e3o t\u00e3o importante! &#x1f389; Juntos, estamos fortalecendo a sa\u00fade de nossa comunidade e valorizando quem est\u00e1 na linha de frente. Vamos continuar apoiando nossa enfermagem com todo o carinho que eles merecem! &#x1f499;<\/p>\n<p>&nbsp;<\/p>\n<div style=\"width: 1080px;\" class=\"wp-video\"><video class=\"wp-video-shortcode\" id=\"video-2321-1\" width=\"1080\" height=\"1920\" preload=\"metadata\" controls=\"controls\"><source type=\"video\/mp4\" src=\"https:\/\/jupi.pe.leg.br\/v3\/wp-content\/uploads\/2023\/10\/Nossos-herois-de-jaleco-merecem-o-melhor.mp4?_=1\" \/><a href=\"https:\/\/jupi.pe.leg.br\/v3\/wp-content\/uploads\/2023\/10\/Nossos-herois-de-jaleco-merecem-o-melhor.mp4\">https:\/\/jupi.pe.leg.br\/v3\/wp-content\/uploads\/2023\/10\/Nossos-herois-de-jaleco-merecem-o-melhor.mp4<\/a><\/video><\/div>\n<p>&nbsp;<\/p>\n","protected":false},"excerpt":{"rendered":"<p>&#x1f44f;&#x1f3e5; Nossos her\u00f3is de jaleco merecem o melhor! &#x1f4aa; Hoje, a C\u00e2mara de Jupi fez hist\u00f3ria ao aprovar por unanimidade o t\u00e3o esperado aumento do piso salarial da enfermagem. &#x1f31f; \u00c9 hora de reconhecer e celebrar o incans\u00e1vel esfor\u00e7o dessa <a class=\"leiamais\" href=\"https:\/\/jupi.pe.leg.br\/v3\/nossos-herois-de-jaleco-merecem-o-melhor\/\">VER MAIS <i class=\"fa-solid fa-chevron-right\"><\/i><\/a><\/p>\n","protected":false},"author":2,"featured_media":0,"comment_status":"open","ping_status":"open","sticky":false,"template":"","format":"standard","meta":{"_acf_changed":false,"footnotes":""},"categories":[4],"tags":[],"class_list":["post-2321","post","type-post","status-publish","format-standard","hentry","category-noticias","active"],"acf":[],"_links":{"self":[{"href":"https:\/\/jupi.pe.leg.br\/v3\/wp-json\/wp\/v2\/posts\/2321","targetHints":{"allow":["GET"]}}],"collection":[{"href":"https:\/\/jupi.pe.leg.br\/v3\/wp-json\/wp\/v2\/posts"}],"about":[{"href":"https:\/\/jupi.pe.leg.br\/v3\/wp-json\/wp\/v2\/types\/post"}],"author":[{"embeddable":true,"href":"https:\/\/jupi.pe.leg.br\/v3\/wp-json\/wp\/v2\/users\/2"}],"replies":[{"embeddable":true,"href":"https:\/\/jupi.pe.leg.br\/v3\/wp-json\/wp\/v2\/comments?post=2321"}],"version-history":[{"count":0,"href":"https:\/\/jupi.pe.leg.br\/v3\/wp-json\/wp\/v2\/posts\/2321\/revisions"}],"wp:attachment":[{"href":"https:\/\/jupi.pe.leg.br\/v3\/wp-json\/wp\/v2\/media?parent=2321"}],"wp:term":[{"taxonomy":"category","embeddable":true,"href":"https:\/\/jupi.pe.leg.br\/v3\/wp-json\/wp\/v2\/categories?post=2321"},{"taxonomy":"post_tag","embeddable":true,"href":"https:\/\/jupi.pe.leg.br\/v3\/wp-json\/wp\/v2\/tags?post=2321"}],"curies":[{"name":"wp","href":"https:\/\/api.w.org\/{rel}","templated":true}]}}