{"id":2310,"date":"2023-09-01T17:40:36","date_gmt":"2023-09-01T20:40:36","guid":{"rendered":"https:\/\/jupi.pe.leg.br\/v3\/?p=2310"},"modified":"2023-10-06T14:24:51","modified_gmt":"2023-10-06T17:24:51","slug":"na-sexta-feira-01-09-jupi-comecou-a-celebrar-os-201-anos-da-independencia-do-brasil-com-muita-emocao","status":"publish","type":"post","link":"https:\/\/jupi.pe.leg.br\/v3\/na-sexta-feira-01-09-jupi-comecou-a-celebrar-os-201-anos-da-independencia-do-brasil-com-muita-emocao\/","title":{"rendered":"Na sexta-feira, 01\/09, Jupi come\u00e7ou a celebrar os 201 anos da Independ\u00eancia do Brasil com muita emo\u00e7\u00e3o!"},"content":{"rendered":"<p>&#x2728; Na sexta-feira, 01\/09, Jupi come\u00e7ou a celebrar os 201 anos da Independ\u00eancia do Brasil com muita emo\u00e7\u00e3o! O Hasteamento dos Pavilh\u00f5es e a execu\u00e7\u00e3o dos hinos Nacional, Estadual e Municipal marcaram o in\u00edcio das comemora\u00e7\u00f5es. &#x1f49a;&#x1f49b;&#x1f499;<\/p>\n<p>&#x1f91d; Autoridades municipais, Secret\u00e1rios de governo, alunos da Rede Municipal de Ensino e nosso querido vereador L\u00eadson Liberato, presidente da C\u00e2mara de Jupi, se uniram no Pal\u00e1cio Municipal Adalberto Teixeira Lima para celebrar este marco t\u00e3o importante. A vice-prefeita, Rivanda Freire Lima, o Reverend\u00edssimo Padre Pedro Junior e nossos vereadores tamb\u00e9m estiveram presentes, refor\u00e7ando nosso amor pelo Brasil! &#x1f3db;&#xfe0f;&#x1f64c;<\/p>\n<p>&#x1f31f; A uni\u00e3o foi a palavra de ordem nesse dia especial! Os vereadores mostraram seu compromisso com nossa cidade, fortalecendo la\u00e7os com a comunidade. Juntos, celebramos a independ\u00eancia e a grandeza do nosso amado Brasil! &#x1f388;&#x1f1e7;&#x1f1f7;<\/p>\n<p><a class=\"x1i10hfl xjbqb8w x6umtig x1b1mbwd xaqea5y xav7gou x9f619 x1ypdohk xt0psk2 xe8uvvx xdj266r x11i5rnm xat24cr x1mh8g0r xexx8yu x4uap5 x18d9i69 xkhd6sd x16tdsg8 x1hl2dhg xggy1nq x1a2a7pz _aa9_ _a6hd\" tabindex=\"0\" role=\"link\" href=\"https:\/\/www.instagram.com\/explore\/tags\/presidentedac%C3%A2mara\/\"><img loading=\"lazy\" decoding=\"async\" width=\"835\" height=\"842\" class=\"img-fluid aligncenter size-full wp-image-2311\" src=\"https:\/\/jupi.pe.leg.br\/v3\/wp-content\/uploads\/2023\/10\/Captura-de-tela-2023-10-05-174057.png\" alt=\"\" data-wp-pid=\"2311\" srcset=\"https:\/\/jupi.pe.leg.br\/v3\/wp-content\/uploads\/2023\/10\/Captura-de-tela-2023-10-05-174057.png 835w, https:\/\/jupi.pe.leg.br\/v3\/wp-content\/uploads\/2023\/10\/Captura-de-tela-2023-10-05-174057-298x300.png 298w, https:\/\/jupi.pe.leg.br\/v3\/wp-content\/uploads\/2023\/10\/Captura-de-tela-2023-10-05-174057-150x150.png 150w, https:\/\/jupi.pe.leg.br\/v3\/wp-content\/uploads\/2023\/10\/Captura-de-tela-2023-10-05-174057-768x774.png 768w\" sizes=\"auto, (max-width: 835px) 100vw, 835px\" \/><img loading=\"lazy\" decoding=\"async\" class=\"img-fluid aligncenter wp-image-2312\" src=\"https:\/\/jupi.pe.leg.br\/v3\/wp-content\/uploads\/2023\/10\/Captura-de-tela-2023-10-05-174132.png\" alt=\"\" width=\"834\" height=\"855\" data-wp-pid=\"2312\" srcset=\"https:\/\/jupi.pe.leg.br\/v3\/wp-content\/uploads\/2023\/10\/Captura-de-tela-2023-10-05-174132.png 819w, https:\/\/jupi.pe.leg.br\/v3\/wp-content\/uploads\/2023\/10\/Captura-de-tela-2023-10-05-174132-293x300.png 293w, https:\/\/jupi.pe.leg.br\/v3\/wp-content\/uploads\/2023\/10\/Captura-de-tela-2023-10-05-174132-768x788.png 768w\" sizes=\"auto, (max-width: 834px) 100vw, 834px\" \/><img loading=\"lazy\" decoding=\"async\" class=\"img-fluid aligncenter wp-image-2313\" src=\"https:\/\/jupi.pe.leg.br\/v3\/wp-content\/uploads\/2023\/10\/Captura-de-tela-2023-10-05-174203.png\" alt=\"\" width=\"832\" height=\"868\" data-wp-pid=\"2313\" srcset=\"https:\/\/jupi.pe.leg.br\/v3\/wp-content\/uploads\/2023\/10\/Captura-de-tela-2023-10-05-174203.png 806w, https:\/\/jupi.pe.leg.br\/v3\/wp-content\/uploads\/2023\/10\/Captura-de-tela-2023-10-05-174203-288x300.png 288w, https:\/\/jupi.pe.leg.br\/v3\/wp-content\/uploads\/2023\/10\/Captura-de-tela-2023-10-05-174203-768x801.png 768w\" sizes=\"auto, (max-width: 832px) 100vw, 832px\" \/><\/a><\/p>\n","protected":false},"excerpt":{"rendered":"<p>&#x2728; Na sexta-feira, 01\/09, Jupi come\u00e7ou a celebrar os 201 anos da Independ\u00eancia do Brasil com muita emo\u00e7\u00e3o! O Hasteamento dos Pavilh\u00f5es e a execu\u00e7\u00e3o dos hinos Nacional, Estadual e Municipal marcaram o in\u00edcio das comemora\u00e7\u00f5es. &#x1f49a;&#x1f49b;&#x1f499; &#x1f91d; Autoridades municipais, <a class=\"leiamais\" href=\"https:\/\/jupi.pe.leg.br\/v3\/na-sexta-feira-01-09-jupi-comecou-a-celebrar-os-201-anos-da-independencia-do-brasil-com-muita-emocao\/\">VER MAIS <i class=\"fa-solid fa-chevron-right\"><\/i><\/a><\/p>\n","protected":false},"author":2,"featured_media":2312,"comment_status":"open","ping_status":"open","sticky":false,"template":"","format":"standard","meta":{"_acf_changed":false,"footnotes":""},"categories":[4],"tags":[],"class_list":["post-2310","post","type-post","status-publish","format-standard","has-post-thumbnail","hentry","category-noticias","active"],"acf":[],"_links":{"self":[{"href":"https:\/\/jupi.pe.leg.br\/v3\/wp-json\/wp\/v2\/posts\/2310","targetHints":{"allow":["GET"]}}],"collection":[{"href":"https:\/\/jupi.pe.leg.br\/v3\/wp-json\/wp\/v2\/posts"}],"about":[{"href":"https:\/\/jupi.pe.leg.br\/v3\/wp-json\/wp\/v2\/types\/post"}],"author":[{"embeddable":true,"href":"https:\/\/jupi.pe.leg.br\/v3\/wp-json\/wp\/v2\/users\/2"}],"replies":[{"embeddable":true,"href":"https:\/\/jupi.pe.leg.br\/v3\/wp-json\/wp\/v2\/comments?post=2310"}],"version-history":[{"count":0,"href":"https:\/\/jupi.pe.leg.br\/v3\/wp-json\/wp\/v2\/posts\/2310\/revisions"}],"wp:featuredmedia":[{"embeddable":true,"href":"https:\/\/jupi.pe.leg.br\/v3\/wp-json\/wp\/v2\/media\/2312"}],"wp:attachment":[{"href":"https:\/\/jupi.pe.leg.br\/v3\/wp-json\/wp\/v2\/media?parent=2310"}],"wp:term":[{"taxonomy":"category","embeddable":true,"href":"https:\/\/jupi.pe.leg.br\/v3\/wp-json\/wp\/v2\/categories?post=2310"},{"taxonomy":"post_tag","embeddable":true,"href":"https:\/\/jupi.pe.leg.br\/v3\/wp-json\/wp\/v2\/tags?post=2310"}],"curies":[{"name":"wp","href":"https:\/\/api.w.org\/{rel}","templated":true}]}}