{"id":2302,"date":"2023-08-30T17:35:37","date_gmt":"2023-08-30T20:35:37","guid":{"rendered":"https:\/\/jupi.pe.leg.br\/v3\/?p=2302"},"modified":"2023-10-06T14:25:58","modified_gmt":"2023-10-06T17:25:58","slug":"apoio-para-nossa-comunidade-vereadora-rezilda-maria-cavalcante-ferreira","status":"publish","type":"post","link":"https:\/\/jupi.pe.leg.br\/v3\/apoio-para-nossa-comunidade-vereadora-rezilda-maria-cavalcante-ferreira\/","title":{"rendered":"Apoio para Nossa Comunidade! Vereadora Rezilda Maria Cavalcante Ferreira."},"content":{"rendered":"<p>&#x1f3e0;&#x1f495; Apoio para Nossa Comunidade! &#x1f91d; Vereadora Rezilda Maria Cavalcante Ferreira apresenta o Requerimento N\u00b0. 113\/2023, buscando criar uma Casa de Apoio em nossa cidade. &#x1f469;&#x200d;&#x1f467;&#x200d;&#x1f466; Um espa\u00e7o seguro para acolher v\u00edtimas de viol\u00eancia dom\u00e9stica, moradores de rua, e mais! &#x1f31f;<\/p>\n<p>&#x1f4c6;&#x1f389; Celebrando o Folclore Brasileiro! &#x1f3ad;&#x1f941; Vereadora Rezilda Maria Cavalcante Ferreira traz o Requerimento N\u00b0. 114\/2023, pedindo o Calend\u00e1rio Municipal da Semana do Folclore Brasileiro &#8211; Agosto Cultural! &#x1f1e7;&#x1f1f7; Vamos unir tradi\u00e7\u00e3o e cultura em um evento imperd\u00edvel! &#x1f38a;&#x1f30e;<\/p>\n<p>&#x1f44f;&#x1f469;&#x200d;&#x2696;&#xfe0f; Nossa Voz Atuante! &#x1f5e3;&#xfe0f; A vereadora Rezilda Maria Cavalcante Ferreira brilha com seus requerimentos: uma Casa de Apoio para os necessitados e o incr\u00edvel Agosto Cultural do folclore brasileiro! &#x1f308; Sua dedica\u00e7\u00e3o fortalece nossa cidade. &#x1f4aa;&#x1f91d;<\/p>\n<p><a class=\"x1i10hfl xjbqb8w x6umtig x1b1mbwd xaqea5y xav7gou x9f619 x1ypdohk xt0psk2 xe8uvvx xdj266r x11i5rnm xat24cr x1mh8g0r xexx8yu x4uap5 x18d9i69 xkhd6sd x16tdsg8 x1hl2dhg xggy1nq x1a2a7pz _aa9_ _a6hd\" tabindex=\"0\" role=\"link\" href=\"https:\/\/www.instagram.com\/explore\/tags\/jupiunida\/\"><img loading=\"lazy\" decoding=\"async\" width=\"667\" height=\"815\" class=\"img-fluid aligncenter size-full wp-image-2303\" src=\"https:\/\/jupi.pe.leg.br\/v3\/wp-content\/uploads\/2023\/10\/Captura-de-tela-2023-10-05-173435.png\" alt=\"\" data-wp-pid=\"2303\" srcset=\"https:\/\/jupi.pe.leg.br\/v3\/wp-content\/uploads\/2023\/10\/Captura-de-tela-2023-10-05-173435.png 667w, https:\/\/jupi.pe.leg.br\/v3\/wp-content\/uploads\/2023\/10\/Captura-de-tela-2023-10-05-173435-246x300.png 246w\" sizes=\"auto, (max-width: 667px) 100vw, 667px\" \/><img loading=\"lazy\" decoding=\"async\" class=\"img-fluid aligncenter wp-image-2304\" src=\"https:\/\/jupi.pe.leg.br\/v3\/wp-content\/uploads\/2023\/10\/Captura-de-tela-2023-10-05-173503.png\" alt=\"\" width=\"666\" height=\"889\" data-wp-pid=\"2304\" srcset=\"https:\/\/jupi.pe.leg.br\/v3\/wp-content\/uploads\/2023\/10\/Captura-de-tela-2023-10-05-173503.png 631w, https:\/\/jupi.pe.leg.br\/v3\/wp-content\/uploads\/2023\/10\/Captura-de-tela-2023-10-05-173503-225x300.png 225w\" sizes=\"auto, (max-width: 666px) 100vw, 666px\" \/><img loading=\"lazy\" decoding=\"async\" class=\"img-fluid aligncenter wp-image-2305\" src=\"https:\/\/jupi.pe.leg.br\/v3\/wp-content\/uploads\/2023\/10\/Captura-de-tela-2023-10-05-173524.png\" alt=\"\" width=\"666\" height=\"852\" data-wp-pid=\"2305\" srcset=\"https:\/\/jupi.pe.leg.br\/v3\/wp-content\/uploads\/2023\/10\/Captura-de-tela-2023-10-05-173524.png 660w, https:\/\/jupi.pe.leg.br\/v3\/wp-content\/uploads\/2023\/10\/Captura-de-tela-2023-10-05-173524-235x300.png 235w\" sizes=\"auto, (max-width: 666px) 100vw, 666px\" \/><\/a><\/p>\n","protected":false},"excerpt":{"rendered":"<p>&#x1f3e0;&#x1f495; Apoio para Nossa Comunidade! &#x1f91d; Vereadora Rezilda Maria Cavalcante Ferreira apresenta o Requerimento N\u00b0. 113\/2023, buscando criar uma Casa de Apoio em nossa cidade. &#x1f469;&#x200d;&#x1f467;&#x200d;&#x1f466; Um espa\u00e7o seguro para acolher v\u00edtimas de viol\u00eancia dom\u00e9stica, moradores de rua, e mais! <a class=\"leiamais\" href=\"https:\/\/jupi.pe.leg.br\/v3\/apoio-para-nossa-comunidade-vereadora-rezilda-maria-cavalcante-ferreira\/\">VER MAIS <i class=\"fa-solid fa-chevron-right\"><\/i><\/a><\/p>\n","protected":false},"author":2,"featured_media":2303,"comment_status":"open","ping_status":"open","sticky":false,"template":"","format":"standard","meta":{"_acf_changed":false,"footnotes":""},"categories":[4],"tags":[],"class_list":["post-2302","post","type-post","status-publish","format-standard","has-post-thumbnail","hentry","category-noticias","active"],"acf":[],"_links":{"self":[{"href":"https:\/\/jupi.pe.leg.br\/v3\/wp-json\/wp\/v2\/posts\/2302","targetHints":{"allow":["GET"]}}],"collection":[{"href":"https:\/\/jupi.pe.leg.br\/v3\/wp-json\/wp\/v2\/posts"}],"about":[{"href":"https:\/\/jupi.pe.leg.br\/v3\/wp-json\/wp\/v2\/types\/post"}],"author":[{"embeddable":true,"href":"https:\/\/jupi.pe.leg.br\/v3\/wp-json\/wp\/v2\/users\/2"}],"replies":[{"embeddable":true,"href":"https:\/\/jupi.pe.leg.br\/v3\/wp-json\/wp\/v2\/comments?post=2302"}],"version-history":[{"count":0,"href":"https:\/\/jupi.pe.leg.br\/v3\/wp-json\/wp\/v2\/posts\/2302\/revisions"}],"wp:featuredmedia":[{"embeddable":true,"href":"https:\/\/jupi.pe.leg.br\/v3\/wp-json\/wp\/v2\/media\/2303"}],"wp:attachment":[{"href":"https:\/\/jupi.pe.leg.br\/v3\/wp-json\/wp\/v2\/media?parent=2302"}],"wp:term":[{"taxonomy":"category","embeddable":true,"href":"https:\/\/jupi.pe.leg.br\/v3\/wp-json\/wp\/v2\/categories?post=2302"},{"taxonomy":"post_tag","embeddable":true,"href":"https:\/\/jupi.pe.leg.br\/v3\/wp-json\/wp\/v2\/tags?post=2302"}],"curies":[{"name":"wp","href":"https:\/\/api.w.org\/{rel}","templated":true}]}}