{"id":2299,"date":"2023-08-28T17:28:32","date_gmt":"2023-08-28T20:28:32","guid":{"rendered":"https:\/\/jupi.pe.leg.br\/v3\/?p=2299"},"modified":"2023-10-06T14:26:19","modified_gmt":"2023-10-06T17:26:19","slug":"na-vibe-democratica-aqui-na-camara-de-jupi-hoje-e-aquele-dia-de-decisoes-importantes-com-o-nosso-vereador-e-presidente-ledson-liberato","status":"publish","type":"post","link":"https:\/\/jupi.pe.leg.br\/v3\/na-vibe-democratica-aqui-na-camara-de-jupi-hoje-e-aquele-dia-de-decisoes-importantes-com-o-nosso-vereador-e-presidente-ledson-liberato\/","title":{"rendered":"Na vibe democr\u00e1tica aqui na C\u00e2mara de Jupi! Hoje \u00e9 aquele dia de decis\u00f5es importantes com o nosso vereador e presidente, L\u00eadson Liberato."},"content":{"rendered":"<p>&#x1f5f3;&#xfe0f;&#x1f31f; Na vibe democr\u00e1tica aqui na C\u00e2mara de Jupi! Hoje \u00e9 aquele dia de decis\u00f5es importantes com o nosso vereador e presidente, L\u00eadson Liberato &#x1f64c;&#x1f4bc;. Ele mandou ver na vota\u00e7\u00e3o da LDO, que \u00e9 tipo o roteiro para 2024 &#x1f5fa;&#xfe0f;&#x1f680;. Bora entender juntos o que \u00e9 essa LDO? &#x1f914;&#x1f4a1;<\/p>\n<p>&#x1f4ca;&#x1f4c6; LDO: sigla misteriosa, n\u00e9? &#x1f604; Mas calma, \u00e9 simples! Hoje o Presidente da nossa C\u00e2mara, o Vereador L\u00eadson Liberato, botou em vota\u00e7\u00e3o a Lei de Diretrizes Or\u00e7ament\u00e1rias. &#x1f5c2;&#xfe0f;&#x1f4b0; Isso \u00e9 tipo o mapa que mostra onde vai or\u00e7amento municipal em 2024. Entender o futuro ficou f\u00e1cil, n\u00e9? &#x1f31f;&#x1f50d;<\/p>\n<p>&#x1f5f3;&#xfe0f; LDO? \u00c9 a sigla m\u00e1gica que direciona os investimentos para fazer nossa cidade crescer e brilhar no pr\u00f3ximo ano. Seguimos focados em construir um futuro incr\u00edvel para Jupi! &#x1f31f;<\/p>\n<p>&#x1f4ca; Voc\u00ea j\u00e1 ouviu falar da LDO? Essa sigla \u00e9 como uma b\u00fassola que aponta onde vamos investir para fazer nossa cidade crescer e prosperar no pr\u00f3ximo ano. Estamos dedicados a construir um futuro brilhante para Jupi! &#x1f306;&#x2728;<\/p>\n<p>&nbsp;<\/p>\n<div style=\"width: 1080px;\" class=\"wp-video\"><video class=\"wp-video-shortcode\" id=\"video-2299-1\" width=\"1080\" height=\"1920\" preload=\"metadata\" controls=\"controls\"><source type=\"video\/mp4\" src=\"https:\/\/jupi.pe.leg.br\/v3\/wp-content\/uploads\/2023\/10\/Na-vibe-democratica-aqui-na-Camara-de-Jupi.mp4?_=1\" \/><a href=\"https:\/\/jupi.pe.leg.br\/v3\/wp-content\/uploads\/2023\/10\/Na-vibe-democratica-aqui-na-Camara-de-Jupi.mp4\">https:\/\/jupi.pe.leg.br\/v3\/wp-content\/uploads\/2023\/10\/Na-vibe-democratica-aqui-na-Camara-de-Jupi.mp4<\/a><\/video><\/div>\n<p>&nbsp;<\/p>\n","protected":false},"excerpt":{"rendered":"<p>&#x1f5f3;&#xfe0f;&#x1f31f; Na vibe democr\u00e1tica aqui na C\u00e2mara de Jupi! Hoje \u00e9 aquele dia de decis\u00f5es importantes com o nosso vereador e presidente, L\u00eadson Liberato &#x1f64c;&#x1f4bc;. Ele mandou ver na vota\u00e7\u00e3o da LDO, que \u00e9 tipo o roteiro para 2024 &#x1f5fa;&#xfe0f;&#x1f680;. <a class=\"leiamais\" href=\"https:\/\/jupi.pe.leg.br\/v3\/na-vibe-democratica-aqui-na-camara-de-jupi-hoje-e-aquele-dia-de-decisoes-importantes-com-o-nosso-vereador-e-presidente-ledson-liberato\/\">VER MAIS <i class=\"fa-solid fa-chevron-right\"><\/i><\/a><\/p>\n","protected":false},"author":2,"featured_media":0,"comment_status":"open","ping_status":"open","sticky":false,"template":"","format":"standard","meta":{"_acf_changed":false,"footnotes":""},"categories":[4],"tags":[],"class_list":["post-2299","post","type-post","status-publish","format-standard","hentry","category-noticias","active"],"acf":[],"_links":{"self":[{"href":"https:\/\/jupi.pe.leg.br\/v3\/wp-json\/wp\/v2\/posts\/2299","targetHints":{"allow":["GET"]}}],"collection":[{"href":"https:\/\/jupi.pe.leg.br\/v3\/wp-json\/wp\/v2\/posts"}],"about":[{"href":"https:\/\/jupi.pe.leg.br\/v3\/wp-json\/wp\/v2\/types\/post"}],"author":[{"embeddable":true,"href":"https:\/\/jupi.pe.leg.br\/v3\/wp-json\/wp\/v2\/users\/2"}],"replies":[{"embeddable":true,"href":"https:\/\/jupi.pe.leg.br\/v3\/wp-json\/wp\/v2\/comments?post=2299"}],"version-history":[{"count":0,"href":"https:\/\/jupi.pe.leg.br\/v3\/wp-json\/wp\/v2\/posts\/2299\/revisions"}],"wp:attachment":[{"href":"https:\/\/jupi.pe.leg.br\/v3\/wp-json\/wp\/v2\/media?parent=2299"}],"wp:term":[{"taxonomy":"category","embeddable":true,"href":"https:\/\/jupi.pe.leg.br\/v3\/wp-json\/wp\/v2\/categories?post=2299"},{"taxonomy":"post_tag","embeddable":true,"href":"https:\/\/jupi.pe.leg.br\/v3\/wp-json\/wp\/v2\/tags?post=2299"}],"curies":[{"name":"wp","href":"https:\/\/api.w.org\/{rel}","templated":true}]}}